{"id":115260,"date":"2025-12-23T20:10:44","date_gmt":"2025-12-23T20:10:44","guid":{"rendered":"https:\/\/www.europesays.com\/se\/115260\/"},"modified":"2025-12-23T20:10:44","modified_gmt":"2025-12-23T20:10:44","slug":"cyklonkatastrof-kostar-sri-lanka-38-miljarder-2","status":"publish","type":"post","link":"https:\/\/www.europesays.com\/se\/115260\/","title":{"rendered":"Cyklonkatastrof kostar Sri Lanka 38 miljarder"},"content":{"rendered":"<p>Ditwah slog till mot Sri Lanka i november och kr\u00e4vde minst 640 m\u00e4nniskors liv i stormen och p\u00e5f\u00f6ljande \u00f6versv\u00e4mningar och jordskred. De materiella skadorna \u00e4r dessutom omfattande d\u00e5 b\u00e5de infrastruktur, byggnader och jordbruksomr\u00e5den drabbades sv\u00e5rt.<\/p>\n<p>Flera l\u00e4nder i regionen drabbades ocks\u00e5 av orkanen, med \u00f6ver 1\u00a0000 bekr\u00e4ftade d\u00f6dsfall sammanlagt.<\/p>\n<p>V\u00e4rldsbanken kom p\u00e5 m\u00e5ndagen med en ber\u00e4kning av omfattningen p\u00e5 skadorna, och f\u00f6rst\u00f6relsen uppg\u00e5r till ett v\u00e4rde som motsvarar fyra procent av landets bruttonationalprodukt. I reella termer handlar det om motsvarande n\u00e4rmare 38 miljarder kronor i materiella v\u00e4rden.<\/p>\n<p>Omkring en fj\u00e4rdedel av f\u00f6rst\u00f6relsen i ekonomiska termer r\u00f6r byggnader.<\/p>\n<p>I ber\u00e4kningen \u201ding\u00e5r inte inkomstf\u00f6rluster, eller produktionsbortfall; inte heller den hela kostnaden f\u00f6r \u00e5teruppbyggnad ing\u00e5r\u201d, skriver V\u00e4rldsbanken.<\/p>\n","protected":false},"excerpt":{"rendered":"Ditwah slog till mot Sri Lanka i november och kr\u00e4vde minst 640 m\u00e4nniskors liv i stormen och p\u00e5f\u00f6ljande&hellip;\n","protected":false},"author":2,"featured_media":115261,"comment_status":"","ping_status":"","sticky":false,"template":"","format":"standard","meta":{"footnotes":""},"categories":[14],"tags":[22,23,26,27,17,21,24,25,28,29,15,16,18,34,31,33,32,30,19,20,51,52,53,54],"class_list":{"0":"post-115260","1":"post","2":"type-post","3":"status-publish","4":"format-standard","5":"has-post-thumbnail","7":"category-varlden","8":"tag-breaking-news","9":"tag-breakingnews","10":"tag-featured-news","11":"tag-featurednews","12":"tag-headlines","13":"tag-huvudnyheter","14":"tag-latest-news","15":"tag-latestnews","16":"tag-main-news","17":"tag-mainnews","18":"tag-news","19":"tag-nyheter","20":"tag-rubriker","21":"tag-se","22":"tag-svenska","23":"tag-sverige","24":"tag-sweden","25":"tag-swedish","26":"tag-top-stories","27":"tag-topstories","28":"tag-varlden","29":"tag-world","30":"tag-world-news","31":"tag-worldnews"},"share_on_mastodon":{"url":"https:\/\/pubeurope.com\/@se\/115770702211826607","error":""},"_links":{"self":[{"href":"https:\/\/www.europesays.com\/se\/wp-json\/wp\/v2\/posts\/115260","targetHints":{"allow":["GET"]}}],"collection":[{"href":"https:\/\/www.europesays.com\/se\/wp-json\/wp\/v2\/posts"}],"about":[{"href":"https:\/\/www.europesays.com\/se\/wp-json\/wp\/v2\/types\/post"}],"author":[{"embeddable":true,"href":"https:\/\/www.europesays.com\/se\/wp-json\/wp\/v2\/users\/2"}],"replies":[{"embeddable":true,"href":"https:\/\/www.europesays.com\/se\/wp-json\/wp\/v2\/comments?post=115260"}],"version-history":[{"count":0,"href":"https:\/\/www.europesays.com\/se\/wp-json\/wp\/v2\/posts\/115260\/revisions"}],"wp:featuredmedia":[{"embeddable":true,"href":"https:\/\/www.europesays.com\/se\/wp-json\/wp\/v2\/media\/115261"}],"wp:attachment":[{"href":"https:\/\/www.europesays.com\/se\/wp-json\/wp\/v2\/media?parent=115260"}],"wp:term":[{"taxonomy":"category","embeddable":true,"href":"https:\/\/www.europesays.com\/se\/wp-json\/wp\/v2\/categories?post=115260"},{"taxonomy":"post_tag","embeddable":true,"href":"https:\/\/www.europesays.com\/se\/wp-json\/wp\/v2\/tags?post=115260"}],"curies":[{"name":"wp","href":"https:\/\/api.w.org\/{rel}","templated":true}]}}