{"id":115298,"date":"2025-12-23T21:38:17","date_gmt":"2025-12-23T21:38:17","guid":{"rendered":"https:\/\/www.europesays.com\/se\/115298\/"},"modified":"2025-12-23T21:38:17","modified_gmt":"2025-12-23T21:38:17","slug":"libyens-armechef-dod-efter-flygkrasch-i-turkiet","status":"publish","type":"post","link":"https:\/\/www.europesays.com\/se\/115298\/","title":{"rendered":"Libyens arm\u00e9chef d\u00f6d efter flygkrasch i Turkiet"},"content":{"rendered":"<p>General Mohammad Ali al-Haddad och fyra andra personer ska ha varit ombord p\u00e5 planet n\u00e4r kontakten br\u00f6ts vid 18.52, svensk tid, kort efter att det lyft fr\u00e5n Ankaraflygplatsen Esenboga.<\/p>\n<p>Arm\u00e9chefen hade varit p\u00e5 bes\u00f6k i Turkiet f\u00f6r m\u00f6ten med turkiska representanter.<\/p>\n<p>Trafiken till och fr\u00e5n flygplatsen har stoppats, rapporterar den turkiska tv-kanalen NTV.<\/p>\n<p>Bekr\u00e4ftar att planet st\u00f6rtat<\/p>\n<p>Turkiska myndigheter bekr\u00e4ftar senare att planet med Libyens arm\u00e9chef har kraschat och att man har hittat vraket n\u00e4ra Ankara, rapporterar AP.<\/p>\n<p>Enligt Libyens premi\u00e4rminister Abdul-Hamid Dbeibah har arm\u00e9chefen al-Haddad och de andra fyra p\u00e5 planet d\u00f6tt i kraschen, rapporterar Reuters.<\/p>\n<p>Dbeibah s\u00e4ger han att han s\u00f6rjer al-Haddads d\u00f6d.<\/p>\n<p>Det \u00e4r fortfarande oklart vad som orsakade kraschen. Men enligt libyska tj\u00e4nstem\u00e4n kan ett tekniskt fel p\u00e5 planet ha orsakat olyckan, skriver AP.<\/p>\n<p>Texten uppdateras.<\/p>\n","protected":false},"excerpt":{"rendered":"General Mohammad Ali al-Haddad och fyra andra personer ska ha varit ombord p\u00e5 planet n\u00e4r kontakten br\u00f6ts vid&hellip;\n","protected":false},"author":2,"featured_media":115299,"comment_status":"","ping_status":"","sticky":false,"template":"","format":"standard","meta":{"footnotes":""},"categories":[14],"tags":[22,23,26,27,17,21,24,25,28,29,15,16,18,34,31,33,32,30,19,20,51,52,53,54],"class_list":{"0":"post-115298","1":"post","2":"type-post","3":"status-publish","4":"format-standard","5":"has-post-thumbnail","7":"category-varlden","8":"tag-breaking-news","9":"tag-breakingnews","10":"tag-featured-news","11":"tag-featurednews","12":"tag-headlines","13":"tag-huvudnyheter","14":"tag-latest-news","15":"tag-latestnews","16":"tag-main-news","17":"tag-mainnews","18":"tag-news","19":"tag-nyheter","20":"tag-rubriker","21":"tag-se","22":"tag-svenska","23":"tag-sverige","24":"tag-sweden","25":"tag-swedish","26":"tag-top-stories","27":"tag-topstories","28":"tag-varlden","29":"tag-world","30":"tag-world-news","31":"tag-worldnews"},"share_on_mastodon":{"url":"https:\/\/pubeurope.com\/@se\/115771048111841902","error":""},"_links":{"self":[{"href":"https:\/\/www.europesays.com\/se\/wp-json\/wp\/v2\/posts\/115298","targetHints":{"allow":["GET"]}}],"collection":[{"href":"https:\/\/www.europesays.com\/se\/wp-json\/wp\/v2\/posts"}],"about":[{"href":"https:\/\/www.europesays.com\/se\/wp-json\/wp\/v2\/types\/post"}],"author":[{"embeddable":true,"href":"https:\/\/www.europesays.com\/se\/wp-json\/wp\/v2\/users\/2"}],"replies":[{"embeddable":true,"href":"https:\/\/www.europesays.com\/se\/wp-json\/wp\/v2\/comments?post=115298"}],"version-history":[{"count":0,"href":"https:\/\/www.europesays.com\/se\/wp-json\/wp\/v2\/posts\/115298\/revisions"}],"wp:featuredmedia":[{"embeddable":true,"href":"https:\/\/www.europesays.com\/se\/wp-json\/wp\/v2\/media\/115299"}],"wp:attachment":[{"href":"https:\/\/www.europesays.com\/se\/wp-json\/wp\/v2\/media?parent=115298"}],"wp:term":[{"taxonomy":"category","embeddable":true,"href":"https:\/\/www.europesays.com\/se\/wp-json\/wp\/v2\/categories?post=115298"},{"taxonomy":"post_tag","embeddable":true,"href":"https:\/\/www.europesays.com\/se\/wp-json\/wp\/v2\/tags?post=115298"}],"curies":[{"name":"wp","href":"https:\/\/api.w.org\/{rel}","templated":true}]}}