{"id":115315,"date":"2025-12-23T22:18:09","date_gmt":"2025-12-23T22:18:09","guid":{"rendered":"https:\/\/www.europesays.com\/se\/115315\/"},"modified":"2025-12-23T22:18:09","modified_gmt":"2025-12-23T22:18:09","slug":"belgien-ansluter-till-anmalan-om-folkmord-mot-israel","status":"publish","type":"post","link":"https:\/\/www.europesays.com\/se\/115315\/","title":{"rendered":"Belgien ansluter till anm\u00e4lan om folkmord mot Israel"},"content":{"rendered":"<p>Belgien har anslutit sig till Sydafrikas anm\u00e4lan till Internationella domstolen, ICJ, d\u00e4r Israel anklagas f\u00f6r folkmord, rapporterar Times of Israel.<\/p>\n<p>Sydafrika l\u00e4mnade in anm\u00e4lan i december 2023 och anklagar Israel f\u00f6r att ha brutit mot folkmordskonventionen i kriget i Gaza. <\/p>\n<p>Flera l\u00e4nder har sedan dess anslutit sig, d\u00e4ribland Turkiet, Spanien och Irland, enligt Al Jazeera.<\/p>\n<p>Israel har slagit undan anklagelserna och kritiserat anm\u00e4lan.<\/p>\n<p>Omni \u00e4r politiskt obundna och oberoende. Vi str\u00e4var efter att ge fler perspektiv p\u00e5 nyheterna. Har du fr\u00e5gor eller synpunkter kring v\u00e5r rapportering? <a href=\"https:\/\/omni.se\/belgien-ansluter-till-anmalan-om-folkmord-mot-israel\/a\/mailto:redaktion@omni.se\" class=\"ArticleActions_contactLink__W2F1M\" rel=\"nofollow noopener\" target=\"_blank\">Kontakta redaktionen<\/a><\/p>\n","protected":false},"excerpt":{"rendered":"Belgien har anslutit sig till Sydafrikas anm\u00e4lan till Internationella domstolen, ICJ, d\u00e4r Israel anklagas f\u00f6r folkmord, rapporterar Times&hellip;\n","protected":false},"author":2,"featured_media":115316,"comment_status":"","ping_status":"","sticky":false,"template":"","format":"standard","meta":{"footnotes":""},"categories":[14],"tags":[1482,3827,22,23,267,26,27,121,17,21,12485,342,24,25,28,29,124,125,15,16,18,34,31,33,32,30,4495,19,20,51,52,53,54],"class_list":{"0":"post-115315","1":"post","2":"type-post","3":"status-publish","4":"format-standard","5":"has-post-thumbnail","7":"category-varlden","8":"tag-afrika","9":"tag-belgien","10":"tag-breaking-news","11":"tag-breakingnews","12":"tag-europa","13":"tag-featured-news","14":"tag-featurednews","15":"tag-gaza","16":"tag-headlines","17":"tag-huvudnyheter","18":"tag-internationella-domstolen-i-haag","19":"tag-israel","20":"tag-latest-news","21":"tag-latestnews","22":"tag-main-news","23":"tag-mainnews","24":"tag-mellanostern","25":"tag-mellanosternkrisen","26":"tag-news","27":"tag-nyheter","28":"tag-rubriker","29":"tag-se","30":"tag-svenska","31":"tag-sverige","32":"tag-sweden","33":"tag-swedish","34":"tag-sydafrika","35":"tag-top-stories","36":"tag-topstories","37":"tag-varlden","38":"tag-world","39":"tag-world-news","40":"tag-worldnews"},"share_on_mastodon":{"url":"https:\/\/pubeurope.com\/@se\/115771205401615882","error":""},"_links":{"self":[{"href":"https:\/\/www.europesays.com\/se\/wp-json\/wp\/v2\/posts\/115315","targetHints":{"allow":["GET"]}}],"collection":[{"href":"https:\/\/www.europesays.com\/se\/wp-json\/wp\/v2\/posts"}],"about":[{"href":"https:\/\/www.europesays.com\/se\/wp-json\/wp\/v2\/types\/post"}],"author":[{"embeddable":true,"href":"https:\/\/www.europesays.com\/se\/wp-json\/wp\/v2\/users\/2"}],"replies":[{"embeddable":true,"href":"https:\/\/www.europesays.com\/se\/wp-json\/wp\/v2\/comments?post=115315"}],"version-history":[{"count":0,"href":"https:\/\/www.europesays.com\/se\/wp-json\/wp\/v2\/posts\/115315\/revisions"}],"wp:featuredmedia":[{"embeddable":true,"href":"https:\/\/www.europesays.com\/se\/wp-json\/wp\/v2\/media\/115316"}],"wp:attachment":[{"href":"https:\/\/www.europesays.com\/se\/wp-json\/wp\/v2\/media?parent=115315"}],"wp:term":[{"taxonomy":"category","embeddable":true,"href":"https:\/\/www.europesays.com\/se\/wp-json\/wp\/v2\/categories?post=115315"},{"taxonomy":"post_tag","embeddable":true,"href":"https:\/\/www.europesays.com\/se\/wp-json\/wp\/v2\/tags?post=115315"}],"curies":[{"name":"wp","href":"https:\/\/api.w.org\/{rel}","templated":true}]}}