{"id":115319,"date":"2025-12-23T22:26:11","date_gmt":"2025-12-23T22:26:11","guid":{"rendered":"https:\/\/www.europesays.com\/se\/115319\/"},"modified":"2025-12-23T22:26:11","modified_gmt":"2025-12-23T22:26:11","slug":"pave-leo-vadjar-om-globalt-eldupphor","status":"publish","type":"post","link":"https:\/\/www.europesays.com\/se\/115319\/","title":{"rendered":"P\u00e5ve Leo v\u00e4djar om globalt eldupph\u00f6r"},"content":{"rendered":"<p>share-arrowDela<\/p>\n<p>unsaveSpara<\/p>\n<p>expand-left<\/p>\n<p>helsk\u00e4rm<img decoding=\"async\" class=\"image-asset hyperion-css-u06ts1\" data-test-tag=\"image-asset\" src=\"https:\/\/www.europesays.com\/se\/wp-content\/uploads\/2025\/12\/cc1e2026-acf5-477d-92df-45a637f38927\"  alt=\"P\u00e5ve Leo\u00a0XIV svarar p\u00e5 reportrars fr\u00e5gor vid hans residens Castel Gandolfo.\"  loading=\"eager\" fetchpriority=\"high\" style=\"aspect-ratio:1900 \/ 1267\"\/>P\u00e5ve Leo\u00a0XIV svarar p\u00e5 reportrars fr\u00e5gor vid hans residens Castel Gandolfo. Foto: Gregorio Borgia\/AP\/TT<\/p>\n<p class=\"hyperion-css-1shl3oz\" data-test-tag=\"lead-text\">P\u00e5ve Leo\u00a0XIV uppmanar till en global vapenvila p\u00e5 juldagen. Han uttrycker samtidigt sin sorg \u00f6ver att Ryssland \u201duppenbarligen avsl\u00e5r prop\u00e5er\u201d p\u00e5 ett eldupph\u00f6r i Ukraina.<\/p>\n<p class=\"hyperion-css-1v9qo5x\">P\u00e5ve Leos utspel gjordes i residenset Castel Gandolfo n\u00e4ra Rom, d\u00e4r han tog emot reportrar inf\u00f6r den viktiga julhelgen och midnattsm\u00e4ssan som h\u00e5lls i Peterskyrkan.<\/p>\n<p class=\"hyperion-css-1v9qo5x\">\u2013 Jag f\u00f6rnyar min uppmaning till alla m\u00e4nniskor som n\u00e4r en god vilja att respektera en dag av fred \u2013 \u00e5tminstone p\u00e5 dagen av v\u00e5r fr\u00e4lsares f\u00f6delse, sade p\u00e5ven.<\/p>\n<p class=\"hyperion-css-1v9qo5x\">Han valde sedan att rikta kritik mot Moskva och den ryska invasionsmakten som tidigare motsatt sig ett eldupph\u00f6r p\u00e5 juldagen med h\u00e4nvisning till att Ukraina skulle nyttja dagen att f\u00f6rst\u00e4rka sin milit\u00e4r.<\/p>\n<p class=\"hyperion-css-1v9qo5x\">\u2013 Bland de ting som orsakar stor sorg f\u00f6r mig \u00e4r det faktum att Ryssland uppenbarligen har f\u00f6rkastat f\u00f6rslag f\u00f6r en vapenvila.<\/p>\n<p class=\"hyperion-css-1v9qo5x\">P\u00e5ven har tidigare tr\u00e4ffat Ukrainas president Volodymyr Zelenskyj. P\u00e5 tisdagen fick han fr\u00e5gan om han var beredd att tacka ja till Zelenskyjs inbjudan om ett bes\u00f6k i Ukraina:<\/p>\n<p class=\"hyperion-css-1v9qo5x\">\u2013 Jag hoppas det, svarade Leo, men betonade sedan att det var sv\u00e5rt att s\u00e4ga n\u00e4r ett s\u00e5dan bes\u00f6k skulle kunna ske.<\/p>\n<p class=\"hyperion-css-1v9qo5x\">Leo\u00a0XIV, f\u00f6dd Robert Francis Prevost, valdes till p\u00e5ve den 8 maj i \u00e5r efter Franciskus. Han intog p\u00e5vestolen tio dagar senare. Julen \u00e4r hans f\u00f6rsta st\u00f6rre religi\u00f6sa h\u00f6gtid som p\u00e5ve.<\/p>\n","protected":false},"excerpt":{"rendered":"share-arrowDela unsaveSpara expand-left helsk\u00e4rmP\u00e5ve Leo\u00a0XIV svarar p\u00e5 reportrars fr\u00e5gor vid hans residens Castel Gandolfo. Foto: Gregorio Borgia\/AP\/TT P\u00e5ve&hellip;\n","protected":false},"author":2,"featured_media":115320,"comment_status":"","ping_status":"","sticky":false,"template":"","format":"standard","meta":{"footnotes":""},"categories":[14],"tags":[22,23,26,27,17,21,24,25,28,29,15,16,18,34,31,33,32,30,19,20,51,52,53,54],"class_list":{"0":"post-115319","1":"post","2":"type-post","3":"status-publish","4":"format-standard","5":"has-post-thumbnail","7":"category-varlden","8":"tag-breaking-news","9":"tag-breakingnews","10":"tag-featured-news","11":"tag-featurednews","12":"tag-headlines","13":"tag-huvudnyheter","14":"tag-latest-news","15":"tag-latestnews","16":"tag-main-news","17":"tag-mainnews","18":"tag-news","19":"tag-nyheter","20":"tag-rubriker","21":"tag-se","22":"tag-svenska","23":"tag-sverige","24":"tag-sweden","25":"tag-swedish","26":"tag-top-stories","27":"tag-topstories","28":"tag-varlden","29":"tag-world","30":"tag-world-news","31":"tag-worldnews"},"share_on_mastodon":{"url":"https:\/\/pubeurope.com\/@se\/115771237073285850","error":""},"_links":{"self":[{"href":"https:\/\/www.europesays.com\/se\/wp-json\/wp\/v2\/posts\/115319","targetHints":{"allow":["GET"]}}],"collection":[{"href":"https:\/\/www.europesays.com\/se\/wp-json\/wp\/v2\/posts"}],"about":[{"href":"https:\/\/www.europesays.com\/se\/wp-json\/wp\/v2\/types\/post"}],"author":[{"embeddable":true,"href":"https:\/\/www.europesays.com\/se\/wp-json\/wp\/v2\/users\/2"}],"replies":[{"embeddable":true,"href":"https:\/\/www.europesays.com\/se\/wp-json\/wp\/v2\/comments?post=115319"}],"version-history":[{"count":0,"href":"https:\/\/www.europesays.com\/se\/wp-json\/wp\/v2\/posts\/115319\/revisions"}],"wp:featuredmedia":[{"embeddable":true,"href":"https:\/\/www.europesays.com\/se\/wp-json\/wp\/v2\/media\/115320"}],"wp:attachment":[{"href":"https:\/\/www.europesays.com\/se\/wp-json\/wp\/v2\/media?parent=115319"}],"wp:term":[{"taxonomy":"category","embeddable":true,"href":"https:\/\/www.europesays.com\/se\/wp-json\/wp\/v2\/categories?post=115319"},{"taxonomy":"post_tag","embeddable":true,"href":"https:\/\/www.europesays.com\/se\/wp-json\/wp\/v2\/tags?post=115319"}],"curies":[{"name":"wp","href":"https:\/\/api.w.org\/{rel}","templated":true}]}}