{"id":115350,"date":"2025-12-23T23:55:11","date_gmt":"2025-12-23T23:55:11","guid":{"rendered":"https:\/\/www.europesays.com\/se\/115350\/"},"modified":"2025-12-23T23:55:11","modified_gmt":"2025-12-23T23:55:11","slug":"cheferna-om-plagade-hundarna-splittringen-inom-forsvarsmakten","status":"publish","type":"post","link":"https:\/\/www.europesays.com\/se\/115350\/","title":{"rendered":"Cheferna om pl\u00e5gade hundarna \u2022 Splittringen inom F\u00f6rsvarsmakten"},"content":{"rendered":"<p>Den h\u00f6gsta ledningen f\u00f6r F\u00f6rsvarsmaktens hundtj\u00e4nstenhet v\u00e4lkomnar Expressens granskning om sv\u00e5ra missf\u00f6rh\u00e5llanden.<\/p>\n<p>\u2013 Jag \u00e4r \u00e5 ena sidan f\u00f6rbannad p\u00e5 att det sker, men \u00e5 andra sidan \u00e4r jag tacksam f\u00f6r att ni skrivit om detta, s\u00e4ger \u00f6verstel\u00f6jtnant Marcus Sand, chef f\u00f6r F\u00f6rsvarsmaktens hundtj\u00e4nstenhet.<\/p>\n<p><img   alt=\"\"\/><\/p>\n<p>\u00d6verstel\u00f6jtnant Marcus Sand, chef f\u00f6r F\u00f6rsvarsmaktens hundtj\u00e4nstenhet och \u00f6verste Carl Bergqvist, chef f\u00f6r Luftstridsskolan.<\/p>\n<p>Foto: SVEN LINDWALL<\/p>\n<p>\u00d6ppna bild i helsk\u00e4rm<img loading=\"lazy\"   alt=\"\"\/><\/p>\n<p>En av dress\u00f6rerna p\u00e5 hundtj\u00e4nstenheten la ut en bild p\u00e5 tr\u00e4ning med en hund med elhalsband.<\/p>\n<p>\u00d6ppna bild i helsk\u00e4rm<\/p>\n<p>Expressen har i reportageserien \u201dHundpl\u00e5garna\u201d kunnat avsl\u00f6ja hur flera av <a href=\"https:\/\/www.expressen.se\/tagg\/organization\/forsvarsmakten\/\" class=\"\" rel=\"nofollow noopener\" target=\"_blank\">F\u00f6rsvarsmaktens<\/a> hundar blivit misshandlade, b\u00e5de fysiskt och psykiskt, av anst\u00e4llda p\u00e5 F\u00f6rsvarsmaktens hundtj\u00e4nstenhet.<\/p>\n<p>Nyligen inleddes ocks\u00e5 en utredning p\u00e5 FIHM, f\u00f6rsvarsinspekt\u00f6ren f\u00f6r h\u00e4lsa och milj\u00f6, efter att en tidigare anst\u00e4lld person p\u00e5 hundtj\u00e4nstenheten sagt upp sig och larmat om grova missf\u00f6rh\u00e5llanden.<\/p>\n<p>Vi tr\u00e4ffar chefen f\u00f6r Luftstridsskolan, \u00f6verste Carl Bergqvist och Marcus Sand, chef f\u00f6r F\u00f6rsvarsmaktens hundtj\u00e4nstenhet i ett konferensrum p\u00e5 Uppsala garnison i n\u00e4rheten av milit\u00e4rflygplatsen \u00c4rna utanf\u00f6r Uppsala.<\/p>\n<p><img loading=\"lazy\"   alt=\"\"\/><\/p>\n<p>B\u00e5de \u00f6verste Carl Bergqvist och \u00f6verstel\u00f6jtnant Marcus Sand erk\u00e4nner att det finns allvarliga problem i f\u00f6rsvarets hundverksamhet.<\/p>\n<p>Foto: SVEN LINDWALL<\/p>\n<p>\u00d6ppna bild i helsk\u00e4rm<\/p>\n<p>Marcus Sand s\u00e4ger att han \u00e4r tacksam f\u00f6r att Expressen tagit upp \u00e4mnet och kunnat visa p\u00e5 missf\u00f6rh\u00e5llanden.<\/p>\n<p>\u2013 Nu p\u00e5g\u00e5r en utredning p\u00e5 FIHM. D\u00e5 f\u00e5r jag rapporter som jag kan jobba vidare med, s\u00e4ger Marcus Sand.<\/p>\n<p>Problemen forts\u00e4tter<\/p>\n<p>B\u00e5de Bergqvist och Sand erk\u00e4nner att det finns allvarliga problem i hundverksamheten. Bergqvist s\u00e4ger dock att problemen var \u00e4nnu st\u00f6rre f\u00f6r n\u00e5gra \u00e5r sedan.<\/p>\n<p>\u2013 Marcus handplockades av f\u00f6rra flygvapenchefen f\u00f6r att vara chef f\u00f6r enheten utifr\u00e5n att det fanns en l\u00e5ng historia av icke-fungerande verksamhet och diverse olika incidenter, h\u00e4ndelser och problem.<\/p>\n<p>\u2013 Hade vi inte haft Marcus som chef f\u00f6r hundtj\u00e4nstenheten s\u00e5, tror jag, att det hade fortsatt med de saker som varit tidigare, s\u00e4ger Carl Bergqvist.<\/p>\n<p>Men \u00e4ven om antalet anm\u00e4lningar, enligt Carl Bergqvist, har minskat s\u00e5 har problemen \u00e4nd\u00e5 fortsatt.<\/p>\n<p><img loading=\"lazy\"   alt=\"\"\/><\/p>\n<p>Dress\u00f6ren \u201dFrida\u201d ber\u00e4ttade i Expressen om missf\u00f6rh\u00e5llanden p\u00e5 hundtj\u00e4nstenheten i M\u00e4rsta. Bilden visar en hund som rastas i skrittmaskin p\u00e5 hundtj\u00e4nstenheten.<\/p>\n<p>Foto: Kristoffer Olofsson\/F\u00f6rsvarsmakten<\/p>\n<p>\u00d6ppna bild i helsk\u00e4rm<\/p>\n<p>Exakt hur m\u00e5nga rapporterade incidenter om misshandel av hundar som gjorts sedan 2022, d\u00e5 Sand tilltr\u00e4dde, vet de inte, f\u00f6rklarar de.<\/p>\n<p>\u2013 Det \u00e4r i varje fall mindre \u00e4n \u00e5tta \u00e4renden som vi f\u00e5tt k\u00e4nnedom om och d\u00e4r vi har agerat, s\u00e4ger Marcus Sand.<\/p>\n<p>Personalen \u00e4r splittrad<\/p>\n<p>Han s\u00e4ger ocks\u00e5 att personalen p\u00e5 hundtj\u00e4nstenheten \u00e4r splittrad i fr\u00e5gan om hur man ska dressera hundar.<\/p>\n<p>\u2013 Det finns tv\u00e5 l\u00e4ger d\u00e4r det ena upplever att f\u00f6r att dressera en tj\u00e4nstehund s\u00e5 beh\u00f6ver man ha en h\u00e5rdare metodik. Det finns en kultur inom hundtj\u00e4nsten som har h\u00e5llit i l\u00e4nge att det h\u00e4r \u00e4r det enda s\u00e4ttet att jobba.\u00a0<\/p>\n<p>\u2013 Sen s\u00e5 finns det de som absolut tycker att det h\u00e4r \u00e4r fel och F\u00f6rsvarsmaktens inriktning \u00e4r ju att man inte beh\u00f6ver h\u00e5rdare metoder.\u00a0<\/p>\n<p><img loading=\"lazy\"   alt=\"\"\/><\/p>\n<p>\u00d6verstel\u00f6jtnant Marcus Sand s\u00e4ger att det r\u00e5der en tystnadskultur inom hundtj\u00e4nsten.<\/p>\n<p>Foto: SVEN LINDWALL<\/p>\n<p>\u00d6ppna bild i helsk\u00e4rm<\/p>\n<p><strong>Varf\u00f6r omplaceras inte de h\u00e4r personerna?<\/strong><\/p>\n<p>\u2013 Det g\u00e5r ju\u00a0arbetsr\u00e4ttligt\u00a0inte att placera folk hursomhelst,\u00a0utan kr\u00e4ver till exempel att vittnen tr\u00e4der fram. Det b\u00f6rjar vi dock se nu.<\/p>\n<p>Annons<\/p>\n<p><strong>Vad s\u00e4ger de personer som anm\u00e4ls f\u00f6r misshandel av hundarna n\u00e4r ni konfronterar dem?<\/strong><\/p>\n<p>\u2013 Utan att g\u00e5 in i individuella fall s\u00e5 \u00e4r de \u00f6vergripande urs\u00e4kterna att det inte har h\u00e4nt. Sen kan det vara att det \u00e4r sj\u00e4lvskydd p\u00e5 ett eller annat s\u00e4tt eller att man h\u00e5ller med om att det har skett, men inte p\u00e5 det s\u00e4ttet. Det \u00e4r komplicerat.\u00a0<\/p>\n<p>Veterin\u00e4rer letar sp\u00e5r<\/p>\n<p>L\u00f6sningen f\u00f6r att i framtiden motverka hundmisshandeln \u00e4r, enligt Marcus Sand, utbildning och kontroller.<\/p>\n<p>\u2013 Jag upplever att vi har ett st\u00f6dsystem p\u00e5 plats nu och ett kontrollsystem d\u00e4r vi successivt och redan nu har byggt in v\u00e4ldigt mycket kontrollpunkter. Vi har veterin\u00e4rer som unders\u00f6ker och letar efter sp\u00e5r av s\u00e5nt h\u00e4r f\u00f6r att rapporterna ska komma direkt till mig.<\/p>\n<p>\u2013 Vi har dressyrm\u00e4stare som f\u00f6ljer upp verksamheten och g\u00f6r samma kontroller sj\u00e4lva ocks\u00e5. Vi har avdelningschefer och sektionschefer ute som \u00e4r j\u00e4tten\u00e4ra verksamheten nu som f\u00f6ljer upp alla. Och det \u00e4r individer som jag litar p\u00e5, som jag vet och har handplockat.<\/p>\n<p><img loading=\"lazy\"   alt=\"\"\/><\/p>\n<p>\u201dVerksamheten bygger egentligen p\u00e5 gl\u00e4djen hos hunden\u201d, betonar Carl Bergqvist.<\/p>\n<p>Foto: SVEN LINDWALL<\/p>\n<p>\u00d6ppna bild i helsk\u00e4rmJobba bort tystnadskulturen<\/p>\n<p>De b\u00e5da tror ocks\u00e5 att det g\u00e5r att jobba bort tystnadskulturen som fortfarande r\u00e5der p\u00e5 hundenheten.<\/p>\n<p>\u2013 Vi vill st\u00e4rka individer att kliva fram. Vi m\u00e5ste tillse att vi har en kultur d\u00e4r man kliver fram om man ser n\u00e5gonting, men samtidigt m\u00e5ste vi f\u00f6lja den r\u00e4ttsliga g\u00e5ngen. Vi f\u00e5r inte heller ta andra beslut \u00e4n vad de g\u00f6r, s\u00e4ger Marcus Sand.<\/p>\n<p>\u2013 Det kommer inte att h\u00e4nda p\u00e5 n\u00e5gon m\u00e5nad, men jag tror att det \u00e4r en sten som \u00e4r satt i rullning utifr\u00e5n och det \u00e4r fler och fler som kliver fram nu.\u00a0Att vi f\u00e5 in fler rapporter fr\u00e5n verksamheten \u00e4r ett s\u00e5dant sundhetstecken, s\u00e4ger Carl Bergqvist.<\/p>\n<p>Han betonar dock att det finns m\u00e5nga bra medarbetare p\u00e5 hundtj\u00e4nstenheten.<\/p>\n<p>\u2013 Det finns ju v\u00e4ldigt m\u00e5nga duktiga individer i det h\u00e4r ocks\u00e5 som vill r\u00e4tt, men som har hamnat i den gr\u00e5 massan d\u00e4r. Det \u00e4r de h\u00e4r r\u00f6t\u00e4ggen som sticker ut.\u00a0<\/p>\n<p>\u2013 Det man ska ha med sig \u00e4r att vi ligger ju i absolut v\u00e4rldsklass n\u00e4r det g\u00e4ller hundar. Och hur vi nyttjar hunden f\u00f6r milit\u00e4ra \u00e4ndam\u00e5l, vilket \u00e4r en verksamhet som egentligen bygger p\u00e5 gl\u00e4djen hos hunden.<\/p>\n","protected":false},"excerpt":{"rendered":"Den h\u00f6gsta ledningen f\u00f6r F\u00f6rsvarsmaktens hundtj\u00e4nstenhet v\u00e4lkomnar Expressens granskning om sv\u00e5ra missf\u00f6rh\u00e5llanden. \u2013 Jag \u00e4r \u00e5 ena sidan&hellip;\n","protected":false},"author":2,"featured_media":115351,"comment_status":"","ping_status":"","sticky":false,"template":"","format":"standard","meta":{"footnotes":""},"categories":[65],"tags":[72,70,71,11350,48,34,154,31,33,32,30,2061],"class_list":{"0":"post-115350","1":"post","2":"type-post","3":"status-publish","4":"format-standard","5":"has-post-thumbnail","7":"category-ekonomi","8":"tag-business","9":"tag-economy","10":"tag-ekonomi","11":"tag-newsstory-hundplagarna","12":"tag-organization-forsvarsmakten","13":"tag-se","14":"tag-sections-sverige","15":"tag-svenska","16":"tag-sverige","17":"tag-sweden","18":"tag-swedish","19":"tag-topic-djurplageri"},"share_on_mastodon":{"url":"https:\/\/pubeurope.com\/@se\/115771586866761569","error":""},"_links":{"self":[{"href":"https:\/\/www.europesays.com\/se\/wp-json\/wp\/v2\/posts\/115350","targetHints":{"allow":["GET"]}}],"collection":[{"href":"https:\/\/www.europesays.com\/se\/wp-json\/wp\/v2\/posts"}],"about":[{"href":"https:\/\/www.europesays.com\/se\/wp-json\/wp\/v2\/types\/post"}],"author":[{"embeddable":true,"href":"https:\/\/www.europesays.com\/se\/wp-json\/wp\/v2\/users\/2"}],"replies":[{"embeddable":true,"href":"https:\/\/www.europesays.com\/se\/wp-json\/wp\/v2\/comments?post=115350"}],"version-history":[{"count":0,"href":"https:\/\/www.europesays.com\/se\/wp-json\/wp\/v2\/posts\/115350\/revisions"}],"wp:featuredmedia":[{"embeddable":true,"href":"https:\/\/www.europesays.com\/se\/wp-json\/wp\/v2\/media\/115351"}],"wp:attachment":[{"href":"https:\/\/www.europesays.com\/se\/wp-json\/wp\/v2\/media?parent=115350"}],"wp:term":[{"taxonomy":"category","embeddable":true,"href":"https:\/\/www.europesays.com\/se\/wp-json\/wp\/v2\/categories?post=115350"},{"taxonomy":"post_tag","embeddable":true,"href":"https:\/\/www.europesays.com\/se\/wp-json\/wp\/v2\/tags?post=115350"}],"curies":[{"name":"wp","href":"https:\/\/api.w.org\/{rel}","templated":true}]}}