{"id":115373,"date":"2025-12-24T01:32:09","date_gmt":"2025-12-24T01:32:09","guid":{"rendered":"https:\/\/www.europesays.com\/se\/115373\/"},"modified":"2025-12-24T01:32:09","modified_gmt":"2025-12-24T01:32:09","slug":"alexander-isaks-forsta-ord-efter-skadan","status":"publish","type":"post","link":"https:\/\/www.europesays.com\/se\/115373\/","title":{"rendered":"Alexander Isaks f\u00f6rsta ord efter skadan"},"content":{"rendered":"<p>Publicerad 23 dec 2025 kl 20.37Uppdaterad kl 22.55<\/p>\n<p>Alexander Isak har brutit benet.\u00a0<\/p>\n<p>Nu ger han sina f\u00f6rsta ord efter mardr\u00f6mmen.\u00a0<\/p>\n<p>\u201dTr\u00e5kigt att vara borta ett tag\u201d, skriver han p\u00e5 Instagram. \u00a0<\/p>\n<p>Senaste sportklippen fr\u00e5n Expressen.<img   alt=\"\"\/><\/p>\n<p>Alexander Isak blir borta efter tag efter skadan.<\/p>\n<p>Foto: HARVEY MURPHY \/ STELLA PICTURES<\/p>\n<p>\u00d6ppna bild i helsk\u00e4rm<img loading=\"lazy\"   alt=\"\"\/> <\/p>\n<p>Foto: ADAM VAUGHAN \/ EPA<\/p>\n<p>\u00d6ppna bild i helsk\u00e4rm<\/p>\n<p>I helgen skadade sig <a href=\"https:\/\/www.expressen.se\/tagg\/person\/alexander-isak\/\" class=\"\" rel=\"nofollow noopener\" target=\"_blank\">Alexander Isak<\/a> i matchen mot Tottenham.\u00a0<\/p>\n<p>Det var s\u00e5 illa att svensken \u00e5drog sig en fotledsskada och ett brutet vadben, n\u00e5got han senare opererades f\u00f6r.\u00a0<\/p>\n<p>Det har hittills varit tyst fr\u00e5n den svenske landslagsmannen, men p\u00e5 Instagram ber\u00e4ttar han nu om k\u00e4nslorna.<\/p>\n<p>F\u00f6rsta orden efter skadan<\/p>\n<p>\u201dTr\u00e5kigt att bara borta ett tag. Dags att \u00e5terh\u00e4mta sig fr\u00e5n sidlinjen. Jag kommer jobba h\u00e5rt f\u00f6r att ta mig tillbaka s\u00e5 snabbt som m\u00f6jligt. Tack till alla fans som och alla andra f\u00f6r de fina meddelandena, det g\u00e5r inte obem\u00e4rkt f\u00f6rbi\u201d, skriver han.\u00a0<\/p>\n<p>Det finns \u00e4nnu ingen tidsram f\u00f6r hur l\u00e4nge Isak kommer att bli borta och Sveriges playoff till VM i mars \u00e4r i fara. Enligt uppgifter handlar det minst om ett par m\u00e5nader.\u00a0<\/p>\n<p>Sverige m\u00f6ter Ukraina 26 mars.\u00a0<\/p>\n","protected":false},"excerpt":{"rendered":"Publicerad 23 dec 2025 kl 20.37Uppdaterad kl 22.55 Alexander Isak har brutit benet.\u00a0 Nu ger han sina f\u00f6rsta&hellip;\n","protected":false},"author":2,"featured_media":115374,"comment_status":"","ping_status":"","sticky":false,"template":"","format":"standard","meta":{"footnotes":""},"categories":[68],"tags":[246,243,34,129,242,111,110,31,33,32,30],"class_list":{"0":"post-115373","1":"post","2":"type-post","3":"status-publish","4":"format-standard","5":"has-post-thumbnail","7":"category-sport","8":"tag-organization-liverpool-fc","9":"tag-person-alexander-isak","10":"tag-se","11":"tag-sections-fotboll","12":"tag-sections-premierleague","13":"tag-sport","14":"tag-sports","15":"tag-svenska","16":"tag-sverige","17":"tag-sweden","18":"tag-swedish"},"share_on_mastodon":{"url":"https:\/\/pubeurope.com\/@se\/115771968290094490","error":""},"_links":{"self":[{"href":"https:\/\/www.europesays.com\/se\/wp-json\/wp\/v2\/posts\/115373","targetHints":{"allow":["GET"]}}],"collection":[{"href":"https:\/\/www.europesays.com\/se\/wp-json\/wp\/v2\/posts"}],"about":[{"href":"https:\/\/www.europesays.com\/se\/wp-json\/wp\/v2\/types\/post"}],"author":[{"embeddable":true,"href":"https:\/\/www.europesays.com\/se\/wp-json\/wp\/v2\/users\/2"}],"replies":[{"embeddable":true,"href":"https:\/\/www.europesays.com\/se\/wp-json\/wp\/v2\/comments?post=115373"}],"version-history":[{"count":0,"href":"https:\/\/www.europesays.com\/se\/wp-json\/wp\/v2\/posts\/115373\/revisions"}],"wp:featuredmedia":[{"embeddable":true,"href":"https:\/\/www.europesays.com\/se\/wp-json\/wp\/v2\/media\/115374"}],"wp:attachment":[{"href":"https:\/\/www.europesays.com\/se\/wp-json\/wp\/v2\/media?parent=115373"}],"wp:term":[{"taxonomy":"category","embeddable":true,"href":"https:\/\/www.europesays.com\/se\/wp-json\/wp\/v2\/categories?post=115373"},{"taxonomy":"post_tag","embeddable":true,"href":"https:\/\/www.europesays.com\/se\/wp-json\/wp\/v2\/tags?post=115373"}],"curies":[{"name":"wp","href":"https:\/\/api.w.org\/{rel}","templated":true}]}}