{"id":115391,"date":"2025-12-24T03:54:14","date_gmt":"2025-12-24T03:54:14","guid":{"rendered":"https:\/\/www.europesays.com\/se\/115391\/"},"modified":"2025-12-24T03:54:14","modified_gmt":"2025-12-24T03:54:14","slug":"the-wire-skadespelare-ar-dod-blev-bara-46-ar","status":"publish","type":"post","link":"https:\/\/www.europesays.com\/se\/115391\/","title":{"rendered":"&#8221;The Wire&#8221;-sk\u00e5despelare \u00e4r d\u00f6d \u2013 blev bara 46 \u00e5r"},"content":{"rendered":"<p>46 \u00e5r \u00e4r verkligen ingen \u00e5lder att tala om. Trots det hade James Ransone en gedigen karri\u00e4r framf\u00f6r kameran, som str\u00e4ckte sig \u00f6ver 24 \u00e5r och 77 roller inom film och tv.<\/p>\n<p>Hans mest k\u00e4nda insatser var antagligen i \u201dThe Wire\u201d, \u201dDet: Kapitel 2\u201d och \u201dGeneration Kill\u201d.<\/p>\n<p>I \u201dThe Wire\u201d k\u00e4nner vi igenom Jimmy Ransone som den impulsive hamnarbetaren och sm\u00e5kriminelle Ziggy Sbotska, en v\u00e4ldigt uppskattad rolltolkning under seriens andra s\u00e4song.<\/p>\n<p><img loading=\"lazy\" height=\"342\" width=\"648\" class=\"wp-image-709158 sp-no-webp perfmatters-lazy\" alt=\"James Ransone.\" decoding=\"async\" src=\"https:\/\/www.europesays.com\/se\/wp-content\/uploads\/2025\/12\/james-ransone-det-kapitel-2-648x342.jpg\"  data-\/> James Ransone i \u201dDet: Kapitel 2\u201d.<\/p>\n<p>Han skulle senare \u00e5ter samarbeta med \u201dThe Wire\u201d-skaparen David Simon i \u201dGeneration Kill\u201d. Ransone gestaltade d\u00e4r korpralen Josh Ray Person, och spelade mot bland andra Alexander Skarsg\u00e5rd.<\/p>\n<p>I \u201dDet: Kapitel 2\u201d var han den vuxne versionen av \u00e4ngslige Eddie Kasbrak. <\/p>\n<p>Hans sista roller blev en cameo i \u201dBlack Phone 2\u201d, och ett g\u00e4stspel i detektivserien \u201dPoker Face\u201d. B\u00e5da fr\u00e5n tidigare i \u00e5r.<\/p>\n<p>James Ransone hittades d\u00f6d i fredags, och han hade tagit sitt eget liv.<\/p>\n<p>L\u00e4s ocks\u00e5: <a href=\"https:\/\/www.moviezine.se\/nyheter\/rob-reiners-son-oppnade-upp-om-droger-och-familjebrak-manader-fore-foraldrarnas-dod\" title=\"Rob Reiners son \u00f6ppnade upp om droger och familjebr\u00e5k \u2013 m\u00e5nader f\u00f6re f\u00f6r\u00e4ldrarnas d\u00f6d\" class=\"underline-custom !font-montserrat !font-bold !underline-offset-4 !decoration-4 !decoration-moviezine-green !text-md\" rel=\"nofollow noopener\" target=\"_blank\">Rob Reiners son \u00f6ppnade upp om droger och familjebr\u00e5k \u2013 m\u00e5nader f\u00f6re f\u00f6r\u00e4ldrarnas d\u00f6d<\/a><\/p>\n<p>L\u00e4s ocks\u00e5: <a href=\"https:\/\/www.moviezine.se\/nyheter\/pulp-fiction-skadespelaren-hittades-dod-blev-60-ar\" title=\"\u201dPulp Fiction\u201d-sk\u00e5despelaren hittades d\u00f6d \u2013 blev 60 \u00e5r\" class=\"underline-custom !font-montserrat !font-bold !underline-offset-4 !decoration-4 !decoration-moviezine-green !text-md\" rel=\"nofollow noopener\" target=\"_blank\">\u201dPulp Fiction\u201d-sk\u00e5despelaren hittades d\u00f6d \u2013 blev 60 \u00e5r<\/a><\/p>\n<p>L\u00e4s ocks\u00e5: <a href=\"https:\/\/www.moviezine.se\/nyheter\/skadisen-bakom-ikonisk-sci-fi-hjalte-ar-dod-blev-82-ar\" title=\"Sk\u00e5disen bakom ikonisk sci-fi-hj\u00e4lte \u00e4r d\u00f6d \u2013 blev 82 \u00e5r\" class=\"underline-custom !font-montserrat !font-bold !underline-offset-4 !decoration-4 !decoration-moviezine-green !text-md\" rel=\"nofollow noopener\" target=\"_blank\">Sk\u00e5disen bakom ikonisk sci-fi-hj\u00e4lte \u00e4r d\u00f6d \u2013 blev 82 \u00e5r<\/a><\/p>\n","protected":false},"excerpt":{"rendered":"46 \u00e5r \u00e4r verkligen ingen \u00e5lder att tala om. Trots det hade James Ransone en gedigen karri\u00e4r framf\u00f6r&hellip;\n","protected":false},"author":2,"featured_media":115392,"comment_status":"","ping_status":"","sticky":false,"template":"","format":"standard","meta":{"footnotes":""},"categories":[67],"tags":[104,34,31,33,32,30,105,2501],"class_list":{"0":"post-115391","1":"post","2":"type-post","3":"status-publish","4":"format-standard","5":"has-post-thumbnail","7":"category-underhallning","8":"tag-entertainment","9":"tag-se","10":"tag-svenska","11":"tag-sverige","12":"tag-sweden","13":"tag-swedish","14":"tag-underhallning","15":"tag-vila-i-frid"},"share_on_mastodon":{"url":"https:\/\/pubeurope.com\/@se\/115772526788049651","error":""},"_links":{"self":[{"href":"https:\/\/www.europesays.com\/se\/wp-json\/wp\/v2\/posts\/115391","targetHints":{"allow":["GET"]}}],"collection":[{"href":"https:\/\/www.europesays.com\/se\/wp-json\/wp\/v2\/posts"}],"about":[{"href":"https:\/\/www.europesays.com\/se\/wp-json\/wp\/v2\/types\/post"}],"author":[{"embeddable":true,"href":"https:\/\/www.europesays.com\/se\/wp-json\/wp\/v2\/users\/2"}],"replies":[{"embeddable":true,"href":"https:\/\/www.europesays.com\/se\/wp-json\/wp\/v2\/comments?post=115391"}],"version-history":[{"count":0,"href":"https:\/\/www.europesays.com\/se\/wp-json\/wp\/v2\/posts\/115391\/revisions"}],"wp:featuredmedia":[{"embeddable":true,"href":"https:\/\/www.europesays.com\/se\/wp-json\/wp\/v2\/media\/115392"}],"wp:attachment":[{"href":"https:\/\/www.europesays.com\/se\/wp-json\/wp\/v2\/media?parent=115391"}],"wp:term":[{"taxonomy":"category","embeddable":true,"href":"https:\/\/www.europesays.com\/se\/wp-json\/wp\/v2\/categories?post=115391"},{"taxonomy":"post_tag","embeddable":true,"href":"https:\/\/www.europesays.com\/se\/wp-json\/wp\/v2\/tags?post=115391"}],"curies":[{"name":"wp","href":"https:\/\/api.w.org\/{rel}","templated":true}]}}