{"id":115400,"date":"2025-12-24T04:18:09","date_gmt":"2025-12-24T04:18:09","guid":{"rendered":"https:\/\/www.europesays.com\/se\/115400\/"},"modified":"2025-12-24T04:18:09","modified_gmt":"2025-12-24T04:18:09","slug":"efter-framgangsaret-sa-mycket-tjanar-julvarden-siw-malmkvist","status":"publish","type":"post","link":"https:\/\/www.europesays.com\/se\/115400\/","title":{"rendered":"Efter framg\u00e5ngs\u00e5ret \u2013\u00a0s\u00e5 mycket tj\u00e4nar julv\u00e4rden Siw Malmkvist"},"content":{"rendered":"<p>Publicerad 24 dec 2025 kl 05.00<\/p>\n<p>PremiumSiw Malmkvist \u00e4r \u00e5rets julv\u00e4rd i SVT \u2013 men vad hon f\u00e5r betalt \u00e4r hon hemlighetsfull om.\u00a0<\/p>\n<p>D\u00e4remot avsl\u00f6jar hennes ekonomi att det g\u00e5tt bra de senaste \u00e5ren.\u00a0<\/p>\n<p>S\u00e5 mycket pengar tj\u00e4nar s\u00e5ngerskan som letat sig in i svenska hj\u00e4rtan.\u00a0<\/p>\n<p><img   alt=\"\"\/><\/p>\n<p>Siw Malmkvist \u00e4r \u00e5rets julv\u00e4rd i SVT.<\/p>\n<p>Foto: Anders Wiklund\/TT<\/p>\n<p>\u00d6ppna bild i helsk\u00e4rm<img loading=\"lazy\"   alt=\"\"\/><\/p>\n<p>Siw Malmkvist p\u00e5 sin balkong i sin tidigare v\u00e5ning p\u00e5 \u00d6stermalm.<\/p>\n<p>Foto: MAGNUS LEJHALL<\/p>\n<p>\u00d6ppna bild i helsk\u00e4rm<\/p>\n","protected":false},"excerpt":{"rendered":"Publicerad 24 dec 2025 kl 05.00 PremiumSiw Malmkvist \u00e4r \u00e5rets julv\u00e4rd i SVT \u2013 men vad hon f\u00e5r&hellip;\n","protected":false},"author":2,"featured_media":115401,"comment_status":"","ping_status":"","sticky":false,"template":"","format":"standard","meta":{"footnotes":""},"categories":[67],"tags":[104,361,2607,103,34,31,33,32,30,310,105],"class_list":{"0":"post-115400","1":"post","2":"type-post","3":"status-publish","4":"format-standard","5":"has-post-thumbnail","7":"category-underhallning","8":"tag-entertainment","9":"tag-organization-svt","10":"tag-person-siw-malmkvist","11":"tag-premium","12":"tag-se","13":"tag-svenska","14":"tag-sverige","15":"tag-sweden","16":"tag-swedish","17":"tag-topic-kandisar","18":"tag-underhallning"},"share_on_mastodon":{"url":"https:\/\/pubeurope.com\/@se\/115772620962211073","error":""},"_links":{"self":[{"href":"https:\/\/www.europesays.com\/se\/wp-json\/wp\/v2\/posts\/115400","targetHints":{"allow":["GET"]}}],"collection":[{"href":"https:\/\/www.europesays.com\/se\/wp-json\/wp\/v2\/posts"}],"about":[{"href":"https:\/\/www.europesays.com\/se\/wp-json\/wp\/v2\/types\/post"}],"author":[{"embeddable":true,"href":"https:\/\/www.europesays.com\/se\/wp-json\/wp\/v2\/users\/2"}],"replies":[{"embeddable":true,"href":"https:\/\/www.europesays.com\/se\/wp-json\/wp\/v2\/comments?post=115400"}],"version-history":[{"count":0,"href":"https:\/\/www.europesays.com\/se\/wp-json\/wp\/v2\/posts\/115400\/revisions"}],"wp:featuredmedia":[{"embeddable":true,"href":"https:\/\/www.europesays.com\/se\/wp-json\/wp\/v2\/media\/115401"}],"wp:attachment":[{"href":"https:\/\/www.europesays.com\/se\/wp-json\/wp\/v2\/media?parent=115400"}],"wp:term":[{"taxonomy":"category","embeddable":true,"href":"https:\/\/www.europesays.com\/se\/wp-json\/wp\/v2\/categories?post=115400"},{"taxonomy":"post_tag","embeddable":true,"href":"https:\/\/www.europesays.com\/se\/wp-json\/wp\/v2\/tags?post=115400"}],"curies":[{"name":"wp","href":"https:\/\/api.w.org\/{rel}","templated":true}]}}