{"id":115411,"date":"2025-12-24T04:57:23","date_gmt":"2025-12-24T04:57:23","guid":{"rendered":"https:\/\/www.europesays.com\/se\/115411\/"},"modified":"2025-12-24T04:57:23","modified_gmt":"2025-12-24T04:57:23","slug":"trump-planerar-att-skapa-och-sjalv-designa-en-gyllene-flotta-med-slagskepp-utrikes","status":"publish","type":"post","link":"https:\/\/www.europesays.com\/se\/115411\/","title":{"rendered":"Trump planerar att skapa och sj\u00e4lv designa en \u201dgyllene flotta\u201d med slagskepp | Utrikes"},"content":{"rendered":"<p class=\"aw-1gybjub aw-1p7kakr kEtdKx cEmitX yle__article__paragraph\">USA:s president <strong class=\"aw-ak79eh KyCXm yle__article__strong\">Donald Trump<\/strong> meddelade vid ett presstillf\u00e4lle under m\u00e5ndagen att han t\u00e4nker se till att marinen bygger en ny typ av krigsfartyg som ska ing\u00e5 i vad Trump kallar \u201dden gyllene flottan\u201d.<\/p>\n<p class=\"aw-1gybjub aw-1p7kakr kEtdKx cEmitX yle__article__paragraph\">Krigsfartygen, eller \u201dslagskeppen\u201d som Trump kallar dem, ska enligt presidenten bli \u201dde snabbaste, de st\u00f6rsta och utan tvekan hundra g\u00e5nger kraftfullare \u00e4n n\u00e5got slagskepp som n\u00e5gonsin har byggts.\u201d<\/p>\n<p class=\"aw-1gybjub aw-1p7kakr kEtdKx cEmitX yle__article__paragraph\">Slagskeppen som enligt tidningen <a class=\"aw-iao6s4 iHOxEa yle__article__link\" href=\"https:\/\/www.wsj.com\/politics\/national-security\/trump-hegseth-new-warship-the-battleship-63367854?mod=hp_lead_pos3\" role=\"link\" rel=\"nofollow noopener\" target=\"_blank\">Wall Street Journal<\/a> kostar omkring 5 miljarder dollar, cirka 4,2 miljarder euro, ska ing\u00e5 i en ny fartygsklass d\u00f6pt till \u201dTrump-class\u201d. Fartygsklasser syftar p\u00e5 en grupp fartyg med samma konstruktion och egenskaper, ofta uppkallade efter det f\u00f6rsta f\u00e4rdigst\u00e4llda fartyget i serien.<\/p>\n<p class=\"aw-1gybjub aw-1p7kakr kEtdKx cEmitX yle__article__paragraph\">Den f\u00f6rsta i serien ska enligt Trump d\u00f6pas till USS Defiant (ordet \u201ddefiant\u201d p\u00e5 svenska betyder ungef\u00e4r \u201dtrotsig\u201d eller \u201dutmanande\u201d).<\/p>\n<p><img decoding=\"async\" alt=\"M\u00e5lad bild av ett amerikanskt krigsfartyg med Trumps logo.\" src=\"https:\/\/www.europesays.com\/se\/wp-content\/uploads\/2025\/12\/39-1573857694a33eaa0856.jpeg\" loading=\"lazy\" class=\"aw-1l9m598 hKVVvP\"\/><\/p>\n<p>\u00d6ppna bildvisare<\/p>\n<p>P\u00e5 konceptbilderna som visades upp vid presstillf\u00e4llet ses det planerade fartyget USS Defiant anfalla ett annat fartyg med missiler och lasrar. Bild: Lehtikuva<\/p>\n<p class=\"aw-1gybjub aw-1p7kakr kEtdKx cEmitX yle__article__paragraph\">Projektet kommer att inledas med byggandet av tv\u00e5 slagskepp och kommer s\u00e5 sm\u00e5ningom att ut\u00f6kas till 20 till 25 nya fartyg.<\/p>\n<p class=\"aw-1gybjub aw-1p7kakr kEtdKx cEmitX yle__article__paragraph\">\u2013 Vi kommer att \u00e5teruppr\u00e4tta USA som en ledande skeppsbyggarnation. Vi kommer att se till att USA har den m\u00e4ktigaste flottan i v\u00e4rlden, sa Trump.<\/p>\n<p class=\"aw-1gybjub aw-1p7kakr kEtdKx cEmitX yle__article__paragraph\">Flottan kommer ocks\u00e5 att omfatta nya fregatter som presenterades f\u00f6rra veckan som en del av ett gemensamt initiativ fr\u00e5n marinen och Vita huset f\u00f6r att motverka hot fr\u00e5n Kina.<\/p>\n<p class=\"aw-1gybjub aw-1p7kakr kEtdKx cEmitX yle__article__paragraph\">Trump har dock f\u00f6rnekat att den \u201dgyllene flottan\u201d skulle anv\u00e4ndas specifikt mot Kina, utan har sagt att den kan anv\u00e4ndas mot \u201dvem som helst\u201d.<\/p>\n<p class=\"aw-1gybjub aw-1p7kakr kEtdKx cEmitX yle__article__paragraph\">Presentationen av planen p\u00e5 den nya flottan kommer samtidigt som USA kraftigt ut\u00f6kat sin marina n\u00e4rvaro i Karibien, i takt med att <a class=\"aw-iao6s4 iHOxEa yle__article__link\" href=\"https:\/\/yle.fi\/a\/7-10090406\" role=\"link\" rel=\"nofollow noopener\" target=\"_blank\">konflikten<\/a> mellan USA och Venezuela trappas upp.<\/p>\n<p>Ny teknik p\u00e5 gamla fartyg<\/p>\n<p class=\"aw-1gybjub aw-1p7kakr kEtdKx cEmitX yle__article__paragraph\">Enligt Trump och marinministern <strong class=\"aw-ak79eh KyCXm yle__article__strong\">John Phelan<\/strong> ska de nya fartygen vara andliga eftertr\u00e4dare till Iowa-klassens slagskepp fr\u00e5n andra v\u00e4rldskriget.<\/p>\n<p class=\"aw-1gybjub aw-1p7kakr kEtdKx cEmitX yle__article__paragraph\">Slagskepp \u00e4r en \u00e4ldre typ av tunga, bepansrade krigsfartyg som anv\u00e4ndes till strax efter kriget, och som i modern tid ersatts av bland annat hangarfartyg och h\u00f6gteknologiska ub\u00e5tar. De sista amerikanska slagskeppen togs ur bruk p\u00e5 1990-talet.<\/p>\n<p><img decoding=\"async\" alt=\"M\u00e4nniskor med kampanjskyltar framf\u00f6r det avst\u00e4llda slagskeppet USS Iowa.\" src=\"https:\/\/www.europesays.com\/se\/wp-content\/uploads\/2025\/12\/39-1573855694a321d1fe4a.jpeg\" loading=\"lazy\" class=\"aw-1l9m598 hKVVvP\"\/><\/p>\n<p>\u00d6ppna bildvisare<\/p>\n<p>Trump h\u00f6ll ett av sina kampanjtal inf\u00f6r valet 2016 p\u00e5 det avst\u00e4llda slagskeppet USS Iowa, som nu \u00e4r f\u00f6rebilden f\u00f6r Trumps nya fartyg. Bild: EPA<\/p>\n<p class=\"aw-1gybjub aw-1p7kakr kEtdKx cEmitX yle__article__paragraph\">Enligt Trump kommer de nya fartygen att vara l\u00e4ngre och st\u00f6rre \u00e4n sin f\u00f6rebild och vara bestyckade med hypersoniska missiler, nukle\u00e4ra kryssningsrobotar, r\u00e4lskanoner och h\u00f6genergilasrar.<\/p>\n<p class=\"aw-1gybjub aw-1p7kakr kEtdKx cEmitX yle__article__paragraph\">Det \u00e4r dock oklart om flera av Trumps visioner f\u00f6r fartygen kommer att kunna genomf\u00f6ras i praktiken.<\/p>\n<p class=\"aw-1gybjub aw-1p7kakr kEtdKx cEmitX yle__article__paragraph\">En r\u00e4lskanon \u00e4r en avancerad energikr\u00e4vande elektromagnetisk kanon som skjuter projektiler med hj\u00e4lp av elektrisk str\u00f6m och magnetf\u00e4lt, ist\u00e4llet f\u00f6r krut.<\/p>\n<p class=\"aw-1gybjub aw-1p7kakr kEtdKx cEmitX yle__article__paragraph\">Enligt nyhetsbyr\u00e5n AP har marinen spenderat hundratals miljoner dollar och ett och ett halvt decennium p\u00e5 att utveckla ett fungerande system f\u00f6r att placera en r\u00e4lskanon p\u00e5 ett fartyg innan man \u00f6vergav projektet 2021.<\/p>\n<p class=\"aw-1gybjub aw-1p7kakr kEtdKx cEmitX yle__article__paragraph\">Att utveckla robotar med nukle\u00e4r kapacitet och bestycka fartyg med dem kan ocks\u00e5 vara ett brott mot icke-spridningsavtalet mellan USA och Ryssland.<\/p>\n<p class=\"aw-1gybjub aw-1p7kakr kEtdKx cEmitX yle__article__paragraph\">Dessutom ska fartygen, trots Trumps beskrivningar, vara av ungef\u00e4r samma storlek som skeppen av Iowa-klass men h\u00e4lften s\u00e5 tunga och ha en mindre bes\u00e4ttning, enligt AP som h\u00e4nvisar till en <a class=\"aw-iao6s4 iHOxEa yle__article__link\" href=\"https:\/\/goldenfleet.navy.mil\/\" role=\"link\" rel=\"nofollow noopener\" target=\"_blank\">hemsida<\/a> som skapats f\u00f6r den nyskapade \u201dgyllene flottan\u201d.<\/p>\n<p>Trump s\u00e4tter sin kreativa pr\u00e4gel p\u00e5 projektet<\/p>\n<p class=\"aw-1gybjub aw-1p7kakr kEtdKx cEmitX yle__article__paragraph\">Trump har sedan l\u00e4nge varit intresserad av att \u00e5tg\u00e4rda vissa delar av flottan.<\/p>\n<p class=\"aw-1gybjub aw-1p7kakr kEtdKx cEmitX yle__article__paragraph\">Enligt marinminister Phelan ska Trump emellan\u00e5t ha skickat textmeddelanden till honom \u201dm\u00e5nga g\u00e5nger mycket sent p\u00e5 natten, ibland efter ett p\u00e5 morgonen\u201d om \u201drostiga fartyg eller fartyg p\u00e5 ett varv\u201d, och fr\u00e5gat honom vad han g\u00f6r \u00e5t saken.<\/p>\n<p><img decoding=\"async\" alt=\"USA:s president Trump i profil framf\u00f6r en m\u00e5lad bild av ett fartyg.\" src=\"https:\/\/www.europesays.com\/se\/wp-content\/uploads\/2025\/12\/39-1573856694a330d7ce70.jpeg\" loading=\"lazy\" class=\"aw-1l9m598 hKVVvP\"\/><\/p>\n<p>\u00d6ppna bildvisare<\/p>\n<p>Trump har l\u00e4nge haft starka \u00e5sikter om den amerikanska flottans kapacitet. Bild: Lehtikuva<\/p>\n<p class=\"aw-1gybjub aw-1p7kakr kEtdKx cEmitX yle__article__paragraph\">Trump meddelade att han ocks\u00e5 kommer att vara delaktig i att designa skeppet.<\/p>\n<p class=\"aw-1gybjub aw-1p7kakr kEtdKx cEmitX yle__article__paragraph\">\u2013 Den amerikanska marinen kommer att leda designarbetet med de nya skeppen tillsammans med mig, f\u00f6r jag \u00e4r en v\u00e4ldigt estetisk person, sa Trump.<\/p>\n<p>Trump d\u00f6per om allt<\/p>\n<p class=\"aw-1gybjub aw-1p7kakr kEtdKx cEmitX yle__article__paragraph\">Krigsfartygsklasser i USA d\u00f6ps enligt amerikansk tradition vanligen efter delstater.<\/p>\n<p class=\"aw-1gybjub aw-1p7kakr kEtdKx cEmitX yle__article__paragraph\">Men Trump, som har en vana att d\u00f6pa saker efter sig sj\u00e4lv, har valt att ignorera detta.<\/p>\n<p class=\"aw-1gybjub aw-1p7kakr kEtdKx cEmitX yle__article__paragraph\">Den amerikanska presidenten har den senaste tiden befunnit sig i vad kritiker, enligt tidningen <a class=\"aw-iao6s4 iHOxEa yle__article__link\" href=\"https:\/\/www.theguardian.com\/us-news\/2025\/dec\/22\/trump-new-navy-warships\" role=\"link\" rel=\"nofollow noopener\" target=\"_blank\">The Guardian<\/a>, kallar en \u201dnarcissistisk omd\u00f6pningsyra\u201d.<\/p>\n<p class=\"aw-1gybjub aw-1p7kakr kEtdKx cEmitX yle__article__paragraph\">Tidigare i december d\u00f6pte Trumpadministrationen om USA:s fredsinstitut (US Institute of Peace) i Washington efter honom.<\/p>\n<p class=\"aw-1gybjub aw-1p7kakr kEtdKx cEmitX yle__article__paragraph\">F\u00f6rra veckan r\u00f6stade den Trump-utn\u00e4mnda styrelsen f\u00f6r kulturcentret John F Kennedy Center for the Performing Arts i Washington f\u00f6r att byta namn till Trump-Kennedy Center och en skylt med det nya namnet sattes upp, trots att \u00e5tg\u00e4rden kr\u00e4ver godk\u00e4nnande fr\u00e5n kongressen.<\/p>\n","protected":false},"excerpt":{"rendered":"USA:s president Donald Trump meddelade vid ett presstillf\u00e4lle under m\u00e5ndagen att han t\u00e4nker se till att marinen bygger&hellip;\n","protected":false},"author":2,"featured_media":115412,"comment_status":"","ping_status":"","sticky":false,"template":"","format":"standard","meta":{"footnotes":""},"categories":[5],"tags":[22,23,385,2986,2985,26,27,17,21,12487,24,25,28,29,15,16,18,34,12490,12488,31,33,32,30,19,20,74,12489,1321,3818,237],"class_list":{"0":"post-115411","1":"post","2":"type-post","3":"status-publish","4":"format-standard","5":"has-post-thumbnail","7":"category-rubriker","8":"tag-breaking-news","9":"tag-breakingnews","10":"tag-donald-trump","11":"tag-farkoster","12":"tag-fartyg","13":"tag-featured-news","14":"tag-featurednews","15":"tag-headlines","16":"tag-huvudnyheter","17":"tag-krigsfartyg","18":"tag-latest-news","19":"tag-latestnews","20":"tag-main-news","21":"tag-mainnews","22":"tag-news","23":"tag-nyheter","24":"tag-rubriker","25":"tag-se","26":"tag-sjostridskrafter","27":"tag-slagskepp","28":"tag-svenska","29":"tag-sverige","30":"tag-sweden","31":"tag-swedish","32":"tag-top-stories","33":"tag-topstories","34":"tag-usa","35":"tag-usas-flotta","36":"tag-usas-politik","37":"tag-usas-president","38":"tag-utrikes"},"share_on_mastodon":{"url":"https:\/\/pubeurope.com\/@se\/115772774570666886","error":""},"_links":{"self":[{"href":"https:\/\/www.europesays.com\/se\/wp-json\/wp\/v2\/posts\/115411","targetHints":{"allow":["GET"]}}],"collection":[{"href":"https:\/\/www.europesays.com\/se\/wp-json\/wp\/v2\/posts"}],"about":[{"href":"https:\/\/www.europesays.com\/se\/wp-json\/wp\/v2\/types\/post"}],"author":[{"embeddable":true,"href":"https:\/\/www.europesays.com\/se\/wp-json\/wp\/v2\/users\/2"}],"replies":[{"embeddable":true,"href":"https:\/\/www.europesays.com\/se\/wp-json\/wp\/v2\/comments?post=115411"}],"version-history":[{"count":0,"href":"https:\/\/www.europesays.com\/se\/wp-json\/wp\/v2\/posts\/115411\/revisions"}],"wp:featuredmedia":[{"embeddable":true,"href":"https:\/\/www.europesays.com\/se\/wp-json\/wp\/v2\/media\/115412"}],"wp:attachment":[{"href":"https:\/\/www.europesays.com\/se\/wp-json\/wp\/v2\/media?parent=115411"}],"wp:term":[{"taxonomy":"category","embeddable":true,"href":"https:\/\/www.europesays.com\/se\/wp-json\/wp\/v2\/categories?post=115411"},{"taxonomy":"post_tag","embeddable":true,"href":"https:\/\/www.europesays.com\/se\/wp-json\/wp\/v2\/tags?post=115411"}],"curies":[{"name":"wp","href":"https:\/\/api.w.org\/{rel}","templated":true}]}}