{"id":115415,"date":"2025-12-24T05:19:10","date_gmt":"2025-12-24T05:19:10","guid":{"rendered":"https:\/\/www.europesays.com\/se\/115415\/"},"modified":"2025-12-24T05:19:10","modified_gmt":"2025-12-24T05:19:10","slug":"julklappen-jag-onskar-mig-nasta-ar","status":"publish","type":"post","link":"https:\/\/www.europesays.com\/se\/115415\/","title":{"rendered":"\u200b\u200bJulklappen jag \u00f6nskar mig n\u00e4sta \u00e5r"},"content":{"rendered":"<p>Nej, jag beh\u00f6ver ingenting mer och det \u00e4r d\u00e4rmed alltid lika sv\u00e5rt f\u00f6r mina n\u00e4ra och k\u00e4ra att komma p\u00e5 n\u00e5gon julklapp till mig. Jag har ju redan tofflor och en bra rakhyvel.\u00a0<\/p>\n<p>Ja, jag har det redan l\u00e5ngt b\u00e4ttre \u00e4n den stora majoriteten av planetens innev\u00e5nare och det jag m\u00e5ste verka f\u00f6r \u00e4r minskad julhandel och f\u00f6r nerv\u00e4xt (det mest tabubelagda i v\u00e5r tid). Det enda jag beh\u00f6ver \u00e4r hopp, ljus, humor och h\u00e4pnad.\u00a0<\/p>\n<p><b>En perfekt julklapp<\/b> till mig hade varit en liten tunn bok med de korta tacktal som Nobelpristagarna h\u00f6ll p\u00e5 \u00e5rets bankett. Nobelprisen \u00e4r f\u00f6r min del en av \u00e5rets st\u00f6rsta h\u00f6jdpunkter: De kommer med ljus, hopp och ofta intellektuell svindel.\u00a0<\/p>\n<p>\u00c5rets fysikpris gick till tre forskare som funnit broar eller tunnlar mellan v\u00e5r vanliga vardagsv\u00e4rld, d\u00e4r en sten som sl\u00e4pps aldrig kan falla genom marken, och kvantv\u00e4rlden, d\u00e4r en partikel s\u00e5 att s\u00e4ga just kan falla rakt genom marken.\u00a0<\/p>\n<p><b>Om s\u00e5dant kan ske<\/b> i den allomfattande verklighet vi alla befinner oss i, d\u00e5 finns det hopp. \u00c4ven om hoppet h\u00e4r mest best\u00e5r i att dessa samband mellan det \u00e5tskilda \u2013 kvantv\u00e4rlden och v\u00e5r vardagsv\u00e4rld \u2013 \u00f6verhuvudtaget kan uppt\u00e4ckas.\u00a0<\/p>\n<p>Vari best\u00e5r den svindel jag erfar n\u00e4r jag h\u00f6r om detta som jag som lekman inte ens kan f\u00f6rst\u00e5? Svar: Att den m\u00e4nskliga nyfikenheten aldrig l\u00e5ter sig begr\u00e4nsas. Och att vi egentligen vet s\u00e5 ytterst litet av de v\u00e4rldar vi r\u00f6r oss genom. Inte ens fysikerna sj\u00e4lva kan greppa vad som p\u00e5g\u00e5r i kvantv\u00e4rlden: \u201dShut up and calculate\u201d, s\u00e4ger de till varandra n\u00e4r n\u00e5gon spekulerar f\u00f6r mycket p\u00e5 en konferens.\u00a0<\/p>\n<p>Jag brukar aldrig titta p\u00e5 sj\u00e4lva Nobelbanketten, den k\u00e4nns direkt f\u00f6rljugen med allt sitt pr\u00e5l och \u00f6verfl\u00f6d s\u00e5 som v\u00e4rlden just nu ser ut, men i \u00e5r ville jag absolut h\u00f6ra vad i synnerhet tv\u00e5 av pristagarna hade att s\u00e4ga, kemisten Omar Yaghi och f\u00f6rfattaren L\u00e1szl\u00f3 Krasnahorkai.\u00a0<\/p>\n<p><b>Den sistn\u00e4mnde har<\/b> f\u00f6r svenska och globala litteraturintresserade blivit mannen utan punkter. Och l\u00e4ttl\u00e4sta \u00e4r hans b\u00f6cker inte, med denna fr\u00e5nvaro av (vilo)punkter i romanerna, och han tycks dessutom helt utan hopp om v\u00e5ra samh\u00e4llen: allt motst\u00e5nd mot v\u00e4rldens ordning \u00e4r melankoli och den sista vargen \u00e4r d\u00f6dad.\u00a0<\/p>\n<p>De tv\u00e5 b\u00f6cker jag hunnit l\u00e4sa av honom slungade mig tillbaka till ungdomens febriga l\u00e4sning av Dostojevskij: Samma intensitet, samma borrande i det m\u00e4nskliga psyket, men utan det hopp om f\u00f6rl\u00f6sning som den troende Dostojevskij \u00e4nda hyste.\u00a0<\/p>\n<p>Men det \u00e4r det \u00e4r det d\u00e4r med L\u00e1szl\u00f3 Krasnahorkais extremt v\u00e4nliga \u00f6gon och en frisyr som f\u00e5r en att t\u00e4nka p\u00e5 en sorgsen jultomte som lider av h\u00e5ravfall. Sj\u00e4lva hans uppenbarelse k\u00e4nns odogmatisk, som om den kommer med fred och f\u00f6rsoning. \u00a0\u00a0<\/p>\n<p><b>Det korta tacktal <\/b>han h\u00f6ll slog fast det viktiga: Hur barn blir till, att Bach \u00e4r gudomlig och att Patti Smith har r\u00e4tt. Den avv\u00e4pnande humor som s\u00e5 stilla str\u00f6mmade ur hans tal r\u00e4ddade paradoxalt hoppet om denna v\u00e4rld.\u00a0<\/p>\n<p>Nej, det fanns knappast n\u00e5got politiskt i det. Han h\u00f6jde inte r\u00f6sten mot den Victor Orb\u00e1n han ogillar. Men n\u00e4r han stegade ner fr\u00e5n podiet till Bl\u00e5 hallen satt jag stum \u2013 av just hopp. Och humor. Humor \u00e4r besl\u00e4ktat med svindel.<\/p>\n<p>Det andra tal jag ville h\u00f6ra var fysikern Omar Yaghis. Bara hans otroliga livsresa ger hopp. Uppvuxen i ett palestinskt flyktingl\u00e4ger i Jordanien, utan n\u00e5gonting, den som fick ta hand om korna och g\u00e5 kilometervis till skolan. Pl\u00f6tsligt fick han se molekyler i en l\u00e4robok och det slutade med ett Nobelpris.\u00a0<\/p>\n<p><b>Det han bidragit<\/b> till \u00e4r att skapa molekylstrukturer som kan suga upp vatten ur \u00f6kenluft, eller koldioxid ur atmosf\u00e4ren. Hans tal blev en stilla pl\u00e4dering f\u00f6r globalt utbyte av erfarenheter, inte minst for att l\u00f6sa klimatkrisen. Det fanns ljus i det. Det ljus som ocks\u00e5 finns i svindeln och humorn. \u00a0<\/p>\n<p>Kan inte n\u00e5got f\u00f6rlag till n\u00e4sta \u00e5r ge ut de d\u00e4r sm\u00e5 korta tacktalen fr\u00e5n Nobelfesten? D\u00e5 skulle julklappsfr\u00e5gan f\u00f6r min del vara l\u00f6st.\u00a0<\/p>\n","protected":false},"excerpt":{"rendered":"Nej, jag beh\u00f6ver ingenting mer och det \u00e4r d\u00e4rmed alltid lika sv\u00e5rt f\u00f6r mina n\u00e4ra och k\u00e4ra att&hellip;\n","protected":false},"author":2,"featured_media":115416,"comment_status":"","ping_status":"","sticky":false,"template":"","format":"standard","meta":{"footnotes":""},"categories":[14],"tags":[22,23,26,27,17,21,24,25,28,29,15,16,18,34,31,33,32,30,19,20,51,52,53,54],"class_list":{"0":"post-115415","1":"post","2":"type-post","3":"status-publish","4":"format-standard","5":"has-post-thumbnail","7":"category-varlden","8":"tag-breaking-news","9":"tag-breakingnews","10":"tag-featured-news","11":"tag-featurednews","12":"tag-headlines","13":"tag-huvudnyheter","14":"tag-latest-news","15":"tag-latestnews","16":"tag-main-news","17":"tag-mainnews","18":"tag-news","19":"tag-nyheter","20":"tag-rubriker","21":"tag-se","22":"tag-svenska","23":"tag-sverige","24":"tag-sweden","25":"tag-swedish","26":"tag-top-stories","27":"tag-topstories","28":"tag-varlden","29":"tag-world","30":"tag-world-news","31":"tag-worldnews"},"share_on_mastodon":{"url":"https:\/\/pubeurope.com\/@se\/115772860908552481","error":""},"_links":{"self":[{"href":"https:\/\/www.europesays.com\/se\/wp-json\/wp\/v2\/posts\/115415","targetHints":{"allow":["GET"]}}],"collection":[{"href":"https:\/\/www.europesays.com\/se\/wp-json\/wp\/v2\/posts"}],"about":[{"href":"https:\/\/www.europesays.com\/se\/wp-json\/wp\/v2\/types\/post"}],"author":[{"embeddable":true,"href":"https:\/\/www.europesays.com\/se\/wp-json\/wp\/v2\/users\/2"}],"replies":[{"embeddable":true,"href":"https:\/\/www.europesays.com\/se\/wp-json\/wp\/v2\/comments?post=115415"}],"version-history":[{"count":0,"href":"https:\/\/www.europesays.com\/se\/wp-json\/wp\/v2\/posts\/115415\/revisions"}],"wp:featuredmedia":[{"embeddable":true,"href":"https:\/\/www.europesays.com\/se\/wp-json\/wp\/v2\/media\/115416"}],"wp:attachment":[{"href":"https:\/\/www.europesays.com\/se\/wp-json\/wp\/v2\/media?parent=115415"}],"wp:term":[{"taxonomy":"category","embeddable":true,"href":"https:\/\/www.europesays.com\/se\/wp-json\/wp\/v2\/categories?post=115415"},{"taxonomy":"post_tag","embeddable":true,"href":"https:\/\/www.europesays.com\/se\/wp-json\/wp\/v2\/tags?post=115415"}],"curies":[{"name":"wp","href":"https:\/\/api.w.org\/{rel}","templated":true}]}}