{"id":115433,"date":"2025-12-24T06:05:25","date_gmt":"2025-12-24T06:05:25","guid":{"rendered":"https:\/\/www.europesays.com\/se\/115433\/"},"modified":"2025-12-24T06:05:25","modified_gmt":"2025-12-24T06:05:25","slug":"jimmy-kimmel-jultalar-om-det-fria-ordet-efter-avstangningen","status":"publish","type":"post","link":"https:\/\/www.europesays.com\/se\/115433\/","title":{"rendered":"Jimmy Kimmel jultalar om det fria ordet efter avst\u00e4ngningen"},"content":{"rendered":"<p>Publicerad 23 dec 2025 kl 16.32<\/p>\n<p>Jimmy Kimmel dyker upp i rutan f\u00f6r att skicka ett s\u00e4rskilt julbudskap till den brittiska publiken \u2013 om att st\u00e5 upp f\u00f6r det fria ordet.\u00a0<\/p>\n<p><img   alt=\"\"\/><\/p>\n<p>Jimmy Kimmel.<\/p>\n<p>Foto: EVAN AGOSTINI \/ AP TT NYHETSBYR\u00c5N<\/p>\n<p>\u00d6ppna bild i helsk\u00e4rm<\/p>\n<p>I det tv-s\u00e4nda jultalet i Channel 4 kommer den amerikanske pratshow-v\u00e4rden att sl\u00e5 fast att det har varit \u201dett fantastiskt \u00e5r, ur ett fascistiskt perspektiv\u201d.\u00a0<\/p>\n<p>Han v\u00e4ntas ocks\u00e5 i sitt tal varna f\u00f6r att yttrandefriheten snabbt kan omintetg\u00f6ras, skriver <a href=\"https:\/\/www.theguardian.com\/tv-and-radio\/2025\/dec\/21\/jimmy-kimmel-alternative-christmas-message-uk-channel-4\" rel=\"nofollow noopener\" target=\"_blank\">The Guardian<\/a>.<\/p>\n<p>Kimmel blev tidigare avst\u00e4ngd av tv-bolaget ABC efter ett sk\u00e4mt om reaktionerna p\u00e5 den m\u00f6rdade aktivisten Charlie Kirk, n\u00e5got som retade upp president Donald Trumps anh\u00e4ngare. En vecka senare var dock Kimmel tillbaka i rutan.<\/p>\n","protected":false},"excerpt":{"rendered":"Publicerad 23 dec 2025 kl 16.32 Jimmy Kimmel dyker upp i rutan f\u00f6r att skicka ett s\u00e4rskilt julbudskap&hellip;\n","protected":false},"author":2,"featured_media":115434,"comment_status":"","ping_status":"","sticky":false,"template":"","format":"standard","meta":{"footnotes":""},"categories":[67],"tags":[104,3919,34,31,33,32,30,5969,2830,105],"class_list":{"0":"post-115433","1":"post","2":"type-post","3":"status-publish","4":"format-standard","5":"has-post-thumbnail","7":"category-underhallning","8":"tag-entertainment","9":"tag-person-jimmy-kimmel","10":"tag-se","11":"tag-svenska","12":"tag-sverige","13":"tag-sweden","14":"tag-swedish","15":"tag-topic-hogtider","16":"tag-topic-jul","17":"tag-underhallning"},"share_on_mastodon":{"url":"https:\/\/pubeurope.com\/@se\/115773041741860710","error":""},"_links":{"self":[{"href":"https:\/\/www.europesays.com\/se\/wp-json\/wp\/v2\/posts\/115433","targetHints":{"allow":["GET"]}}],"collection":[{"href":"https:\/\/www.europesays.com\/se\/wp-json\/wp\/v2\/posts"}],"about":[{"href":"https:\/\/www.europesays.com\/se\/wp-json\/wp\/v2\/types\/post"}],"author":[{"embeddable":true,"href":"https:\/\/www.europesays.com\/se\/wp-json\/wp\/v2\/users\/2"}],"replies":[{"embeddable":true,"href":"https:\/\/www.europesays.com\/se\/wp-json\/wp\/v2\/comments?post=115433"}],"version-history":[{"count":0,"href":"https:\/\/www.europesays.com\/se\/wp-json\/wp\/v2\/posts\/115433\/revisions"}],"wp:featuredmedia":[{"embeddable":true,"href":"https:\/\/www.europesays.com\/se\/wp-json\/wp\/v2\/media\/115434"}],"wp:attachment":[{"href":"https:\/\/www.europesays.com\/se\/wp-json\/wp\/v2\/media?parent=115433"}],"wp:term":[{"taxonomy":"category","embeddable":true,"href":"https:\/\/www.europesays.com\/se\/wp-json\/wp\/v2\/categories?post=115433"},{"taxonomy":"post_tag","embeddable":true,"href":"https:\/\/www.europesays.com\/se\/wp-json\/wp\/v2\/tags?post=115433"}],"curies":[{"name":"wp","href":"https:\/\/api.w.org\/{rel}","templated":true}]}}