{"id":115439,"date":"2025-12-24T06:16:07","date_gmt":"2025-12-24T06:16:07","guid":{"rendered":"https:\/\/www.europesays.com\/se\/115439\/"},"modified":"2025-12-24T06:16:07","modified_gmt":"2025-12-24T06:16:07","slug":"nationalgardet-till-new-orleans-svt-nyheter","status":"publish","type":"post","link":"https:\/\/www.europesays.com\/se\/115439\/","title":{"rendered":"Nationalgardet till New Orleans | SVT Nyheter"},"content":{"rendered":"<p>Den amerikanska regeringen kommer att skicka 350 nationalgardister till New Orleans inf\u00f6r ny\u00e5r, uppger f\u00f6rsvarsh\u00f6gkvarteret Pentagon. <\/p>\n<p>Gardisterna ska bist\u00e5 polisen i syfte att f\u00f6rhindra v\u00e5ldsbrott. Trumpregeringen har satt in nationalgardet i flera st\u00e4der det g\u00e5ngna \u00e5ret, vilket m\u00f6tts av kritik fr\u00e5n bland annat Demokraterna. <\/p>\n<p>Enligt nyhetsbyr\u00e5n AP har v\u00e5ldsbrotten i New Orleans g\u00e5tt ned p\u00e5 senare tid. <\/p>\n","protected":false},"excerpt":{"rendered":"Den amerikanska regeringen kommer att skicka 350 nationalgardister till New Orleans inf\u00f6r ny\u00e5r, uppger f\u00f6rsvarsh\u00f6gkvarteret Pentagon. Gardisterna ska&hellip;\n","protected":false},"author":2,"featured_media":793,"comment_status":"","ping_status":"","sticky":false,"template":"","format":"standard","meta":{"footnotes":""},"categories":[14],"tags":[22,23,26,27,17,21,24,25,28,29,15,16,18,34,31,33,32,30,19,20,51,52,53,54],"class_list":{"0":"post-115439","1":"post","2":"type-post","3":"status-publish","4":"format-standard","5":"has-post-thumbnail","7":"category-varlden","8":"tag-breaking-news","9":"tag-breakingnews","10":"tag-featured-news","11":"tag-featurednews","12":"tag-headlines","13":"tag-huvudnyheter","14":"tag-latest-news","15":"tag-latestnews","16":"tag-main-news","17":"tag-mainnews","18":"tag-news","19":"tag-nyheter","20":"tag-rubriker","21":"tag-se","22":"tag-svenska","23":"tag-sverige","24":"tag-sweden","25":"tag-swedish","26":"tag-top-stories","27":"tag-topstories","28":"tag-varlden","29":"tag-world","30":"tag-world-news","31":"tag-worldnews"},"share_on_mastodon":{"url":"https:\/\/pubeurope.com\/@se\/115773085041216768","error":""},"_links":{"self":[{"href":"https:\/\/www.europesays.com\/se\/wp-json\/wp\/v2\/posts\/115439","targetHints":{"allow":["GET"]}}],"collection":[{"href":"https:\/\/www.europesays.com\/se\/wp-json\/wp\/v2\/posts"}],"about":[{"href":"https:\/\/www.europesays.com\/se\/wp-json\/wp\/v2\/types\/post"}],"author":[{"embeddable":true,"href":"https:\/\/www.europesays.com\/se\/wp-json\/wp\/v2\/users\/2"}],"replies":[{"embeddable":true,"href":"https:\/\/www.europesays.com\/se\/wp-json\/wp\/v2\/comments?post=115439"}],"version-history":[{"count":0,"href":"https:\/\/www.europesays.com\/se\/wp-json\/wp\/v2\/posts\/115439\/revisions"}],"wp:featuredmedia":[{"embeddable":true,"href":"https:\/\/www.europesays.com\/se\/wp-json\/wp\/v2\/media\/793"}],"wp:attachment":[{"href":"https:\/\/www.europesays.com\/se\/wp-json\/wp\/v2\/media?parent=115439"}],"wp:term":[{"taxonomy":"category","embeddable":true,"href":"https:\/\/www.europesays.com\/se\/wp-json\/wp\/v2\/categories?post=115439"},{"taxonomy":"post_tag","embeddable":true,"href":"https:\/\/www.europesays.com\/se\/wp-json\/wp\/v2\/tags?post=115439"}],"curies":[{"name":"wp","href":"https:\/\/api.w.org\/{rel}","templated":true}]}}