{"id":115444,"date":"2025-12-24T06:21:09","date_gmt":"2025-12-24T06:21:09","guid":{"rendered":"https:\/\/www.europesays.com\/se\/115444\/"},"modified":"2025-12-24T06:21:09","modified_gmt":"2025-12-24T06:21:09","slug":"han-ar-limmaredsforfattaren-som-skriver-skracknoveller-boras-tidning","status":"publish","type":"post","link":"https:\/\/www.europesays.com\/se\/115444\/","title":{"rendered":"Han \u00e4r Limmaredsf\u00f6rfattaren som skriver skr\u00e4cknoveller \u2013 Bor\u00e5s Tidning"},"content":{"rendered":"<p>I b\u00f6rjan av november debuterade Thomas Johansson fr\u00e5n Limmared med sin novellsamling.<\/p>\n<p>Skr\u00e4ckf\u00f6rfattaren i \u201dslottet\u201d p\u00e5 Liljegatan skriver inte bara \u2013 p\u00e5 sin Youtubekanal lagar han mat och skriver musik.<\/p>\n<p>\u2013 Ofta b\u00f6rjar det med en k\u00e4nsla, s\u00e4ger Thomas Johansson.<\/p>\n<p><img loading=\"lazy\" decoding=\"async\" width=\"980\" height=\"551\" class=\"article-image article-image--featured\" alt=\"\u201dJag vill att novellsamlingen ska bli en berg- och dalbana f\u00f6r l\u00e4saren\u201d, s\u00e4ger Thomas Johansson.\" src=\"https:\/\/www.europesays.com\/se\/wp-content\/uploads\/2025\/12\/c66438d2-6750-492a-ab98-e9acbaad052f.jpeg\"  \/><a class=\"article__lightbox-link\" href=\"https:\/\/static.bonniernews.se\/ba\/c66438d2-6750-492a-ab98-e9acbaad052f.jpeg?crop=3718%2C2091%2Cx0%2Cy0&amp;width=1400&amp;format=pjpg&amp;auto=avif\" data-pswp-width=\"1400\" data-pswp-height=\"788\" data-pswp-caption=\"\u201dJag vill att novellsamlingen ska bli en berg- och dalbana f\u00f6r l\u00e4saren\u201d, s\u00e4ger Thomas Johansson. Bild: Nora Holand\" data-pswp- rel=\"nofollow noopener\" target=\"_blank\">\u00d6ppna bild i helsk\u00e4rmsl\u00e4ge<\/a><\/p>\n<p class=\"txt-style-muted\" aria-hidden=\"true\">\u201dJag vill att novellsamlingen ska bli en berg- och dalbana f\u00f6r l\u00e4saren\u201d, s\u00e4ger Thomas Johansson.<\/p>\n<p class=\"article__figcaption-attribution txt-style-muted\">Bild: Nora Holand<\/p>\n<p>P\u00e5 Thomas Johanssons Youtubekanal finns hans skr\u00e4cknovell My Baby Dolores inl\u00e4st. En f\u00f6r\u00e4lder vaknar mitt i natten f\u00f6r att mata sin dotter. Det som h\u00e4nder sedan f\u00e5r en tittare att kommentera ett ironiskt \u201dtack\u2026\u201d.<\/p>\n<p>Tekniskt fel<\/p>\n<p class=\"message__text txt-ui txt-ui-2\">V\u00e4nligen f\u00f6rs\u00f6k igen senare.<\/p>\n<p>Den h\u00e4r artikeln \u00e4r bara f\u00f6r prenumeranter<\/p>\n<p class=\"txt-body txt-body-1\">Om du redan \u00e4r prenumerant: logga in!<\/p>\n","protected":false},"excerpt":{"rendered":"I b\u00f6rjan av november debuterade Thomas Johansson fr\u00e5n Limmared med sin novellsamling. Skr\u00e4ckf\u00f6rfattaren i \u201dslottet\u201d p\u00e5 Liljegatan skriver&hellip;\n","protected":false},"author":2,"featured_media":115445,"comment_status":"","ping_status":"","sticky":false,"template":"","format":"standard","meta":{"footnotes":""},"categories":[67],"tags":[104,34,31,33,32,30,105],"class_list":{"0":"post-115444","1":"post","2":"type-post","3":"status-publish","4":"format-standard","5":"has-post-thumbnail","7":"category-underhallning","8":"tag-entertainment","9":"tag-se","10":"tag-svenska","11":"tag-sverige","12":"tag-sweden","13":"tag-swedish","14":"tag-underhallning"},"share_on_mastodon":{"url":"https:\/\/pubeurope.com\/@se\/115773104808750579","error":""},"_links":{"self":[{"href":"https:\/\/www.europesays.com\/se\/wp-json\/wp\/v2\/posts\/115444","targetHints":{"allow":["GET"]}}],"collection":[{"href":"https:\/\/www.europesays.com\/se\/wp-json\/wp\/v2\/posts"}],"about":[{"href":"https:\/\/www.europesays.com\/se\/wp-json\/wp\/v2\/types\/post"}],"author":[{"embeddable":true,"href":"https:\/\/www.europesays.com\/se\/wp-json\/wp\/v2\/users\/2"}],"replies":[{"embeddable":true,"href":"https:\/\/www.europesays.com\/se\/wp-json\/wp\/v2\/comments?post=115444"}],"version-history":[{"count":0,"href":"https:\/\/www.europesays.com\/se\/wp-json\/wp\/v2\/posts\/115444\/revisions"}],"wp:featuredmedia":[{"embeddable":true,"href":"https:\/\/www.europesays.com\/se\/wp-json\/wp\/v2\/media\/115445"}],"wp:attachment":[{"href":"https:\/\/www.europesays.com\/se\/wp-json\/wp\/v2\/media?parent=115444"}],"wp:term":[{"taxonomy":"category","embeddable":true,"href":"https:\/\/www.europesays.com\/se\/wp-json\/wp\/v2\/categories?post=115444"},{"taxonomy":"post_tag","embeddable":true,"href":"https:\/\/www.europesays.com\/se\/wp-json\/wp\/v2\/tags?post=115444"}],"curies":[{"name":"wp","href":"https:\/\/api.w.org\/{rel}","templated":true}]}}