{"id":115460,"date":"2025-12-24T06:49:27","date_gmt":"2025-12-24T06:49:27","guid":{"rendered":"https:\/\/www.europesays.com\/se\/115460\/"},"modified":"2025-12-24T06:49:27","modified_gmt":"2025-12-24T06:49:27","slug":"netanyahu-har-godkant-granskning","status":"publish","type":"post","link":"https:\/\/www.europesays.com\/se\/115460\/","title":{"rendered":"Netanyahu har godk\u00e4nt granskning"},"content":{"rendered":"<p>Netanyahu sade p\u00e5 m\u00e5ndagen att en utredning inte ska p\u00e5verkas av politiska krafter och att den ska granska b\u00e5de terrord\u00e5den \u2013 som utf\u00f6rdes av Hamas och andra islamistiska r\u00f6relser \u2013 och vad som ledde fram till attackerna.<\/p>\n<p>\u2013 Politiker kommer inte att vara med i kommissionen \u2013 vilket st\u00e5r i motsats till vad som p\u00e5st\u00e5tts, sade Netanyahu i ett videoinspelat uttalande.<\/p>\n","protected":false},"excerpt":{"rendered":"Netanyahu sade p\u00e5 m\u00e5ndagen att en utredning inte ska p\u00e5verkas av politiska krafter och att den ska granska&hellip;\n","protected":false},"author":2,"featured_media":115461,"comment_status":"","ping_status":"","sticky":false,"template":"","format":"standard","meta":{"footnotes":""},"categories":[14],"tags":[22,23,26,27,17,21,24,25,28,29,15,16,18,34,31,33,32,30,19,20,51,52,53,54],"class_list":{"0":"post-115460","1":"post","2":"type-post","3":"status-publish","4":"format-standard","5":"has-post-thumbnail","7":"category-varlden","8":"tag-breaking-news","9":"tag-breakingnews","10":"tag-featured-news","11":"tag-featurednews","12":"tag-headlines","13":"tag-huvudnyheter","14":"tag-latest-news","15":"tag-latestnews","16":"tag-main-news","17":"tag-mainnews","18":"tag-news","19":"tag-nyheter","20":"tag-rubriker","21":"tag-se","22":"tag-svenska","23":"tag-sverige","24":"tag-sweden","25":"tag-swedish","26":"tag-top-stories","27":"tag-topstories","28":"tag-varlden","29":"tag-world","30":"tag-world-news","31":"tag-worldnews"},"share_on_mastodon":{"url":"https:\/\/pubeurope.com\/@se\/115773214760187259","error":""},"_links":{"self":[{"href":"https:\/\/www.europesays.com\/se\/wp-json\/wp\/v2\/posts\/115460","targetHints":{"allow":["GET"]}}],"collection":[{"href":"https:\/\/www.europesays.com\/se\/wp-json\/wp\/v2\/posts"}],"about":[{"href":"https:\/\/www.europesays.com\/se\/wp-json\/wp\/v2\/types\/post"}],"author":[{"embeddable":true,"href":"https:\/\/www.europesays.com\/se\/wp-json\/wp\/v2\/users\/2"}],"replies":[{"embeddable":true,"href":"https:\/\/www.europesays.com\/se\/wp-json\/wp\/v2\/comments?post=115460"}],"version-history":[{"count":0,"href":"https:\/\/www.europesays.com\/se\/wp-json\/wp\/v2\/posts\/115460\/revisions"}],"wp:featuredmedia":[{"embeddable":true,"href":"https:\/\/www.europesays.com\/se\/wp-json\/wp\/v2\/media\/115461"}],"wp:attachment":[{"href":"https:\/\/www.europesays.com\/se\/wp-json\/wp\/v2\/media?parent=115460"}],"wp:term":[{"taxonomy":"category","embeddable":true,"href":"https:\/\/www.europesays.com\/se\/wp-json\/wp\/v2\/categories?post=115460"},{"taxonomy":"post_tag","embeddable":true,"href":"https:\/\/www.europesays.com\/se\/wp-json\/wp\/v2\/tags?post=115460"}],"curies":[{"name":"wp","href":"https:\/\/api.w.org\/{rel}","templated":true}]}}