{"id":115497,"date":"2025-12-24T07:44:17","date_gmt":"2025-12-24T07:44:17","guid":{"rendered":"https:\/\/www.europesays.com\/se\/115497\/"},"modified":"2025-12-24T07:44:17","modified_gmt":"2025-12-24T07:44:17","slug":"tobias-rylander-far-stjarnor-som-beyonce-att-lysa-falu-kuriren","status":"publish","type":"post","link":"https:\/\/www.europesays.com\/se\/115497\/","title":{"rendered":"Tobias Rylander f\u00e5r stj\u00e4rnor som Beyonc\u00e9 att lysa \u2013 Falu-Kuriren"},"content":{"rendered":"<p>Sj\u00e4lv gillar han inte att vara i spotlighten. <\/p>\n<p>Men det \u00e4r ljus \u2013 och showdesignern Tobias Rylander fr\u00e5n Leksand som f\u00e5r v\u00e4rldsstj\u00e4rnor som Beyonc\u00e9, Ghost, 1975 och H\u00e5kan Hellstr\u00f6m att lysa p\u00e5 scenen.<\/p>\n<p>\u2013 Det har varit ett intensivt \u00e5r, s\u00e4ger hemv\u00e4ndaren Tobias Rylander, 42,  som nu \u00e4r nominerad till ett fint pris.<\/p>\n<p>Han har blivit dubbad till ljusets riddare i London och f\u00e5tt ett eget sv\u00e4rd.<\/p>\n<p>\u201dMen det \u00e4r inte s\u00e5 snyggt\u201d s\u00e5 det st\u00e5r lite g\u00f6mt i ett h\u00f6rn p\u00e5 kontoret vid hamnen i Leksand.<\/p>\n<p><img decoding=\"async\" width=\"640\" height=\"427\" class=\"article-image article-image--unbound\" alt=\"Som ung och arbetsl\u00f6s i Stockholm b\u00f6rjade Tobias \u201dtrixa lite med ljuset\u201d p\u00e5 musikkaf\u00e9t Kaf\u00e9 44.&#10;\u2013 Det var som att hitta hem. Jag k\u00e4nde f\u00f6r f\u00f6rsta g\u00e5ngen i mitt liv att jag hade talang.\" src=\"https:\/\/www.europesays.com\/se\/wp-content\/uploads\/2025\/12\/fd84d85a-fa1e-43e5-b704-baa1ed5e9090.jpeg\"   loading=\"lazy\"\/><a class=\"article__lightbox-link\" href=\"https:\/\/static.bonniernews.se\/ba\/fd84d85a-fa1e-43e5-b704-baa1ed5e9090.jpeg?width=1400&amp;format=pjpg&amp;auto=avif\" data-pswp-width=\"1400\" data-pswp-height=\"933\" data-pswp-caption=\"Som ung och arbetsl\u00f6s i Stockholm b\u00f6rjade Tobias \u201dtrixa lite med ljuset\u201d p\u00e5 musikkaf\u00e9t Kaf\u00e9 44.&#010;\u2013 Det var som att hitta hem. Jag k\u00e4nde f\u00f6r f\u00f6rsta g\u00e5ngen i mitt liv att jag hade talang. Bild: Anna Klint\" data-pswp- rel=\"nofollow noopener\" target=\"_blank\">\u00d6ppna bild i helsk\u00e4rmsl\u00e4ge<\/a><\/p>\n<p class=\"txt-style-muted\" aria-hidden=\"true\">Som ung och arbetsl\u00f6s i Stockholm b\u00f6rjade Tobias \u201dtrixa lite med ljuset\u201d p\u00e5 musikkaf\u00e9t Kaf\u00e9 44.<br \/>\n\u2013 Det var som att hitta hem. Jag k\u00e4nde f\u00f6r f\u00f6rsta g\u00e5ngen i mitt liv att jag hade talang.<\/p>\n<p class=\"article__figcaption-attribution txt-style-muted\">Bild: Anna Klint<\/p>\n<p>Han har vunnit flera prestigefulla priser f\u00f6r sitt arbete. Nu \u00e4r Tobias Rylander nominerad till ett internationellt pris som \u201d\u00c5rets ljusdesigner\u201d: <\/p>\n<p>TPI Academy Lightning Designer of the year 2026.<\/p>\n<p>\u2013 Vinner jag TPI s\u00e5 har jag vunnit alla priser som g\u00e5r, ber\u00e4ttar Tobias Rylander.<\/p>\n<p>Priser \u00e4r egentligen inte viktiga.<\/p>\n<p>\u2013 Men det \u00e4r lite roligt och det betyder ganska mycket f\u00f6r alla kontakter. H\u00e4lften av jobbet handlar om att ha bra lamptillverkare och ljusuthyrningsakt\u00f6rer, s\u00e4ger han. <\/p>\n<p aria-disabled=\"true\" class=\"ad__preamble ad-text txt-style-muted txt-ui txt-ui--strong txt-ui-2\">Annons<\/p>\n<p aria-disabled=\"true\" class=\"ad__preamble ad-text txt-style-muted txt-ui txt-ui--strong txt-ui-2\">Annons<\/p>\n<p><img decoding=\"async\" width=\"640\" height=\"960\" class=\"article-image article-image--unbound\" alt=\"Tobias och Loreen vann b\u00e5de Mello och Eurovision tillsammans.\" src=\"https:\/\/www.europesays.com\/se\/wp-content\/uploads\/2025\/12\/d0df08cb-0875-4fe4-8710-ca85818b5913.png\"   loading=\"lazy\"\/><a class=\"article__lightbox-link\" href=\"https:\/\/static.bonniernews.se\/ba\/d0df08cb-0875-4fe4-8710-ca85818b5913.png?width=1400&amp;format=pjpg&amp;auto=avif\" data-pswp-width=\"1400\" data-pswp-height=\"2099\" data-pswp-caption=\"Tobias och Loreen vann b\u00e5de Mello och Eurovision tillsammans. Bild: Charlie Ljung\" data-pswp- rel=\"nofollow noopener\" target=\"_blank\">\u00d6ppna bild i helsk\u00e4rmsl\u00e4ge<\/a><\/p>\n<p class=\"txt-style-muted\" aria-hidden=\"true\">Tobias och Loreen vann b\u00e5de Mello och Eurovision tillsammans.<\/p>\n<p class=\"article__figcaption-attribution txt-style-muted\">Bild: Charlie Ljung<\/p>\n<p><strong>R\u00e4cker det inte f\u00f6r dig att bara s\u00e4ga Beyonc\u00e9?<\/strong><\/p>\n<p>\u2013 Jo. Men det \u00e4r b\u00e4ttre om de redan vet det, s\u00e5 slipper jag skryta. Jag kommer fr\u00e5n Leksand s\u00e5 jag har ju \u201djante\u201d i mig, s\u00e4ger Tobias.<\/p>\n<p>Han har bott i USA i tio \u00e5r. Numera \u00e4r basen \u00e4r sl\u00e4ktg\u00e5rden i R\u00e4ltlindor dit Tobias och hustrun Florencia \u201dToti\u201d Ugalde Naranjo flyttade under pandemin.<\/p>\n<p><img decoding=\"async\" width=\"640\" height=\"427\" class=\"article-image article-image--unbound\" alt=\"G\u00e5rden hade st\u00e5tt tom i n\u00e4stan tio \u00e5r n\u00e4r Tobias och \u201dToti\u201d tog \u00f6ver den efter Tobias gamelmoster Britta.\" src=\"https:\/\/www.europesays.com\/se\/wp-content\/uploads\/2025\/12\/755d3f43-85f2-4f6b-bc99-25f8e346565c.jpeg\"   loading=\"lazy\"\/><a class=\"article__lightbox-link\" href=\"https:\/\/static.bonniernews.se\/ba\/755d3f43-85f2-4f6b-bc99-25f8e346565c.jpeg?width=1400&amp;format=pjpg&amp;auto=avif\" data-pswp-width=\"1400\" data-pswp-height=\"933\" data-pswp-caption=\"G\u00e5rden hade st\u00e5tt tom i n\u00e4stan tio \u00e5r n\u00e4r Tobias och \u201dToti\u201d tog \u00f6ver den efter Tobias gamelmoster Britta. Bild: Anna Klint\" data-pswp- rel=\"nofollow noopener\" target=\"_blank\">\u00d6ppna bild i helsk\u00e4rmsl\u00e4ge<\/a><\/p>\n<p class=\"txt-style-muted\" aria-hidden=\"true\">G\u00e5rden hade st\u00e5tt tom i n\u00e4stan tio \u00e5r n\u00e4r Tobias och \u201dToti\u201d tog \u00f6ver den efter Tobias gamelmoster Britta.<\/p>\n<p class=\"article__figcaption-attribution txt-style-muted\">Bild: Anna Klint<\/p>\n<p>Tobias har 200-240 resdagar per \u00e5r.<\/p>\n<p>\u2013 Beroende p\u00e5 hur \u00e5ret ser ut s\u00e5 hyr vi en l\u00e4genhet i Stockholm ett tag om vi jobbar mycket d\u00e4r eller ett hus i LA en tid.<\/p>\n<p>Han \u00e4r just hemkommen fr\u00e5n en m\u00e5nads jobb i Los Angeles med soul\/rnb\/rap\u2013artisten Childish Gambino.<\/p>\n<p>\u2013 V\u00e5ren var himla hektisk.  D\u00e5 gjorde jag Beyonc\u00e9s Cowboy Carter -turn\u00e9, Ghosts Skeleta-v\u00e4rldsturn\u00e9, H\u00e5kan Hellstr\u00f6ms stora spelningar p\u00e5 Ullevi \u00a0och \u00a0The 1975 p\u00e5 Glastonburys st\u00f6rsta scen \u2013 alla innan midsommar.<\/p>\n<p><img decoding=\"async\" width=\"640\" height=\"424\" class=\"article-image article-image--unbound\" alt=\"Tobias tillsammans med frontmannen Matty Healy fr\u00e5n The 1975.\" src=\"https:\/\/www.europesays.com\/se\/wp-content\/uploads\/2025\/12\/e1463a0f-e6c0-425a-8e3c-a36123386f45.jpeg\"   loading=\"lazy\"\/><a class=\"article__lightbox-link\" href=\"https:\/\/static.bonniernews.se\/ba\/e1463a0f-e6c0-425a-8e3c-a36123386f45.jpeg?width=1400&amp;format=pjpg&amp;auto=avif\" data-pswp-width=\"1400\" data-pswp-height=\"928\" data-pswp-caption=\"Tobias tillsammans med frontmannen Matty Healy fr\u00e5n The 1975. Bild: Jordan Curtis Hughes\" data-pswp- rel=\"nofollow noopener\" target=\"_blank\">\u00d6ppna bild i helsk\u00e4rmsl\u00e4ge<\/a><\/p>\n<p class=\"txt-style-muted\" aria-hidden=\"true\">Tobias tillsammans med frontmannen Matty Healy fr\u00e5n The 1975.<\/p>\n<p class=\"article__figcaption-attribution txt-style-muted\">Bild: Jordan Curtis Hughes<\/p>\n<p>Ibland g\u00f6r Tobias enbart ljuset. Men numera designar han oftast hela den visuella upplevelsen p\u00e5 scenen. <\/p>\n<p>\u2013 Det \u00e4r mycket roligare och blir oftast b\u00e4ttre, s\u00e4ger han.<\/p>\n<p>H\u00e5kan Hellstr\u00f6ms senaste Ullevikonsert \u00e4r ett exempel p\u00e5 det. D\u00e4r stod Tobias bakom hela estetiken.<\/p>\n<p aria-disabled=\"true\" class=\"ad__preamble ad-text txt-style-muted txt-ui txt-ui--strong txt-ui-2\">Annons<\/p>\n<p>\u2013 Det var min id\u00e9 att bygga upp containrar och kranar som i hamnterminalen. Liksom att man skulle uppleva konserten som en fotbollsmatch. Vi gjorde en roterande 360 graders scen s\u00e5 att alla i publiken skulle kunna se lika bra.<\/p>\n<p aria-disabled=\"true\" class=\"ad__preamble ad-text txt-style-muted txt-ui txt-ui--strong txt-ui-2\">Annons<\/p>\n<p>Tobias beskriver en konsert som en verklighetsflykt. <\/p>\n<p>\u2013 Man vill ju kliva in i en annan v\u00e4rld en stund. Och det \u00e4r i vilken v\u00e4rld artisten vill f\u00f6rs\u00e4tta sin publik som jag m\u00e5ste fundera ut.<\/p>\n<p><strong>F\u00e5r du ofta genom dina f\u00f6rslag?<\/strong><\/p>\n<p>\u2013 Ja, jag \u00e4r lite bortsk\u00e4md med att det \u00e4r ganska s\u00e4llan jag f\u00e5r g\u00e5 fr\u00e5n ett m\u00f6te och b\u00f6rja om. <\/p>\n<p>De sv\u00e5raste artisterna \u00e4r de som inte vet sj\u00e4lva vad de vill, s\u00e4ger han. <\/p>\n<p>\u2013 Men d\u00e5 f\u00e5r man ber\u00e4tta det f\u00f6r dem, helt enkelt.<\/p>\n<p>F\u00f6r att bygga upp den visuella v\u00e4rlden som ska representera en artist b\u00f6rjar Tobias med att samla in s\u00e5 mycket information han bara kan om artisten.<\/p>\n<p>\u2013 Jag ber dem skicka mig allt som de gillar. Det kan vara ett konstverk, bild p\u00e5 arkitektur eller en gammal musikvideo. Allt som kan ber\u00e4tta vilken k\u00e4nsla de vill ge.<\/p>\n<p><img decoding=\"async\" width=\"640\" height=\"427\" class=\"article-image article-image--unbound\" alt=\"Tobias har gjort sig k\u00e4nd f\u00f6r att kunna g\u00f6ra mycket av lite. Men ibland \u00e4r det ocks\u00e5 mycket av allt. H\u00e4r rej\u00e4lt med ljuseffekter p\u00e5 H\u00e5kan Hellstr\u00f6ms Ullevikonsert.\" src=\"https:\/\/www.europesays.com\/se\/wp-content\/uploads\/2025\/12\/67dc1000-b415-46b3-bfa6-6af8c15a700d.jpeg\"   loading=\"lazy\"\/><a class=\"article__lightbox-link\" href=\"https:\/\/static.bonniernews.se\/ba\/67dc1000-b415-46b3-bfa6-6af8c15a700d.jpeg?width=1400&amp;format=pjpg&amp;auto=avif\" data-pswp-width=\"1400\" data-pswp-height=\"933\" data-pswp-caption=\"Tobias har gjort sig k\u00e4nd f\u00f6r att kunna g\u00f6ra mycket av lite. Men ibland \u00e4r det ocks\u00e5 mycket av allt. H\u00e4r rej\u00e4lt med ljuseffekter p\u00e5 H\u00e5kan Hellstr\u00f6ms Ullevikonsert. Bild: Pao Duell\" data-pswp- rel=\"nofollow noopener\" target=\"_blank\">\u00d6ppna bild i helsk\u00e4rmsl\u00e4ge<\/a><\/p>\n<p class=\"txt-style-muted\" aria-hidden=\"true\">Tobias har gjort sig k\u00e4nd f\u00f6r att kunna g\u00f6ra mycket av lite. Men ibland \u00e4r det ocks\u00e5 mycket av allt. H\u00e4r rej\u00e4lt med ljuseffekter p\u00e5 H\u00e5kan Hellstr\u00f6ms Ullevikonsert.<\/p>\n<p class=\"article__figcaption-attribution txt-style-muted\">Bild: Pao Duell<\/p>\n<p>N\u00e4r f\u00f6rsta spelningen f\u00f6r en show b\u00f6rjar \u00e4r Tobias jobb klart.<\/p>\n<p>\u2013 N\u00e4r rid\u00e5n g\u00e5r upp och ljuset sl\u00e5s p\u00e5, d\u00e5 kan jag egentligen bara luta mig tillbaka och njuta. Och h\u00e5lla andan.<\/p>\n<p>Om det inte handlar om Beyonc\u00e9 d\u00e5.<\/p>\n<p>\u2013 Hon vill ofta g\u00f6ra\u00a0mycket \u00e4ndringar och uppdateringar s\u00e5 d\u00e5 f\u00f6ljer jag med p\u00e5 stora delar utav turn\u00e9n.<\/p>\n<p aria-disabled=\"true\" class=\"ad__preamble ad-text txt-style-muted txt-ui txt-ui--strong txt-ui-2\">Annons<\/p>\n<p><strong>Vad har Beyonc\u00e9 f\u00f6r \u00f6nskem\u00e5l?<\/strong><\/p>\n<p>\u2013 Med henne handlar det v\u00e4ldigt mycket om professionell ljuss\u00e4ttning. \u00c4ven om vi anv\u00e4nder 120 l\u00e5ngtradare med ljus och g\u00f6r en bombastisk ljusshow s\u00e5 \u00e4r det viktigaste av allt att hon ser perfekt ut i varje t\u00e4nkbar vinkel. <\/p>\n<p>Beyonc\u00e9 vill inte bara se perfekt ut live, p\u00e5 scenen. <\/p>\n<p>\u2013 Vi har en v\u00e4ldigt stor utmaning i alla mobilkameror idag. <\/p>\n<p>\u00c4r det 90 000 i publiken s\u00e5 finns det 90 000 kameravinklar i olika niv\u00e5er. <\/p>\n<p aria-disabled=\"true\" class=\"ad__preamble ad-text txt-style-muted txt-ui txt-ui--strong txt-ui-2\">Annons<\/p>\n<p>\u2013 Och Beyonc\u00e9 vill se perfekt ut i alla.<\/p>\n<p><img decoding=\"async\" width=\"640\" height=\"853\" class=\"article-image article-image--unbound\" alt=\"Tobias f\u00e5ngad i arbetet p\u00e5 Beyonc\u00e9s scen. \" src=\"https:\/\/www.europesays.com\/se\/wp-content\/uploads\/2025\/12\/5fa7075e-4a6a-4570-bffe-0e05deeefb84.jpeg\"   loading=\"lazy\"\/><a class=\"article__lightbox-link\" href=\"https:\/\/static.bonniernews.se\/ba\/5fa7075e-4a6a-4570-bffe-0e05deeefb84.jpeg?width=1400&amp;format=pjpg&amp;auto=avif\" data-pswp-width=\"1400\" data-pswp-height=\"1867\" data-pswp-caption=\"Tobias f\u00e5ngad i arbetet p\u00e5 Beyonc\u00e9s scen.  Bild: privat\" data-pswp- rel=\"nofollow noopener\" target=\"_blank\">\u00d6ppna bild i helsk\u00e4rmsl\u00e4ge<\/a><\/p>\n<p class=\"txt-style-muted\" aria-hidden=\"true\">Tobias f\u00e5ngad i arbetet p\u00e5 Beyonc\u00e9s scen. <\/p>\n<p class=\"article__figcaption-attribution txt-style-muted\">Bild: privat<\/p>\n<p>Managementet bakom artisterna tittar p\u00e5 publikens bilder p\u00e5 n\u00e4tet.<\/p>\n<p>\u2013 Sedan m\u00e5ste jag f\u00f6rs\u00f6ka kalibrera ljuset efter dem ocks\u00e5. Det \u00e4r fruktansv\u00e4rt sv\u00e5rt.<\/p>\n<p>Tobias spelade sj\u00e4lv som ung men trivs inte i rampljuset.<\/p>\n<p>\u2013 Det finns en anledning till att jag inte st\u00e5r p\u00e5 scen. Jag f\u00e5r v\u00e4ldigt l\u00e4tt scenskr\u00e4ck inf\u00f6r publik.\u00a0<\/p>\n<p>D\u00e4remot blir han v\u00e4ldigt s\u00e4llan \u201dstarstruck\u201d.<\/p>\n<p>\u2013 Det kan man inte bli, det skulle bli en v\u00e4ldigt konstig st\u00e4mning d\u00e5 n\u00e4r man jobbar.<\/p>\n<p>\u201dV\u00e4nde mig om och d\u00e4r stod hela Rolling Stones\u201d<\/p>\n<p>Men det kan h\u00e4nda n\u00e4r han f\u00e5r ov\u00e4ntade bes\u00f6k vid spakarna. <\/p>\n<p>\u2013  Artister som kommer f\u00f6r att kolla p\u00e5 sina v\u00e4nner st\u00e4ller sig g\u00e4rna hos oss f\u00f6r att f\u00e5 vara i fred. N\u00e4r jag v\u00e4nde mig om och hela Rolling Stones stod bakom mig fick jag nypa mig lite i armen.<\/p>\n<p><img decoding=\"async\" width=\"640\" height=\"427\" class=\"article-image article-image--unbound\" alt=\"Tobias f\u00f6rsta stora konsertupplevelse var Kiss, 1997 p\u00e5 Stadion. \u201dDen fick upp mina \u00f6gon f\u00f6r konserter. Jag var 13-14 \u00e5r och gick med min kompis Mats och hans f\u00f6r\u00e4ldrar\u201d.\" src=\"https:\/\/www.europesays.com\/se\/wp-content\/uploads\/2025\/12\/cd9747dc-14e4-4843-a6dc-aff5129b7aa2.jpeg\"   loading=\"lazy\"\/><a class=\"article__lightbox-link\" href=\"https:\/\/static.bonniernews.se\/ba\/cd9747dc-14e4-4843-a6dc-aff5129b7aa2.jpeg?width=1400&amp;format=pjpg&amp;auto=avif\" data-pswp-width=\"1400\" data-pswp-height=\"933\" data-pswp-caption=\"Tobias f\u00f6rsta stora konsertupplevelse var Kiss, 1997 p\u00e5 Stadion. \u201dDen fick upp mina \u00f6gon f\u00f6r konserter. Jag var 13-14 \u00e5r och gick med min kompis Mats och hans f\u00f6r\u00e4ldrar\u201d. Bild: Anna Klint\" data-pswp- rel=\"nofollow noopener\" target=\"_blank\">\u00d6ppna bild i helsk\u00e4rmsl\u00e4ge<\/a><\/p>\n<p class=\"txt-style-muted\" aria-hidden=\"true\">Tobias f\u00f6rsta stora konsertupplevelse var Kiss, 1997 p\u00e5 Stadion. \u201dDen fick upp mina \u00f6gon f\u00f6r konserter. Jag var 13-14 \u00e5r och gick med min kompis Mats och hans f\u00f6r\u00e4ldrar\u201d.<\/p>\n<p class=\"article__figcaption-attribution txt-style-muted\">Bild: Anna Klint<\/p>\n<p>Han ber\u00e4ttar att det som gjorde honom k\u00e4nd var att han var effektiv och<strong> <\/strong>gjorde mycket med lite. <\/p>\n<p aria-disabled=\"true\" class=\"ad__preamble ad-text txt-style-muted txt-ui txt-ui--strong txt-ui-2\">Annons<\/p>\n<p>\u2013 Jag gillar det teatrala och sparsmakade mest. Det \u00e4r ganska l\u00e4tt om man har en stor budget att hitta en design med j\u00e4ttemycket ljus men det beh\u00f6vs oftast inte. <\/p>\n<p><strong>Roligt att h\u00f6ra fr\u00e5n mannen bakom Beyonc\u00e9s ljusshower&#8230;<\/strong><\/p>\n<p>\u2013 Ja, men f\u00f6r just Beyonc\u00e9 med 90 000 i publiken g\u00e4ller inte det. D\u00e4r beh\u00f6vs faktiskt precis allt ljus.<\/p>\n<p><img decoding=\"async\" width=\"640\" height=\"427\" class=\"article-image article-image--unbound\" alt=\"Tobias fick chansen att tr\u00e4ffa sina barndomsidoler Kiss i Las Vegas n\u00e4r en kompis till honom sk\u00f6tte deras ljusshow. \u201dD\u00e5 blev jag tolv \u00e5r igen\u201d.\" src=\"https:\/\/www.europesays.com\/se\/wp-content\/uploads\/2025\/12\/4760f42f-f0b3-4c3d-929a-1084a9aa3bc7.jpeg\"   loading=\"lazy\"\/><a class=\"article__lightbox-link\" href=\"https:\/\/static.bonniernews.se\/ba\/4760f42f-f0b3-4c3d-929a-1084a9aa3bc7.jpeg?width=1400&amp;format=pjpg&amp;auto=avif\" data-pswp-width=\"1400\" data-pswp-height=\"933\" data-pswp-caption=\"Tobias fick chansen att tr\u00e4ffa sina barndomsidoler Kiss i Las Vegas n\u00e4r en kompis till honom sk\u00f6tte deras ljusshow. \u201dD\u00e5 blev jag tolv \u00e5r igen\u201d. Bild: Anna Klint\" data-pswp- rel=\"nofollow noopener\" target=\"_blank\">\u00d6ppna bild i helsk\u00e4rmsl\u00e4ge<\/a><\/p>\n<p class=\"txt-style-muted\" aria-hidden=\"true\">Tobias fick chansen att tr\u00e4ffa sina barndomsidoler Kiss i Las Vegas n\u00e4r en kompis till honom sk\u00f6tte deras ljusshow. \u201dD\u00e5 blev jag tolv \u00e5r igen\u201d.<\/p>\n<p class=\"article__figcaption-attribution txt-style-muted\">Bild: Anna Klint<\/p>\n<p>Tobias har bott fyra \u00e5r i New York och \u00e5tta i Los Angeles.<\/p>\n<p>\u2013 D\u00e5 var jag ju mycket mer tillg\u00e4nglig f\u00f6r jobben, artisterna och slumpen, som spelar mycket roll f\u00f6r karri\u00e4ren. Jag springer ju inte p\u00e5 s\u00e5 m\u00e5nga klienter h\u00e4r p\u00e5 byn\u2026<\/p>\n<p aria-disabled=\"true\" class=\"ad__preamble ad-text txt-style-muted txt-ui txt-ui--strong txt-ui-2\">Annons<\/p>\n<p>Men han beh\u00f6ver inte l\u00e4ngre jobba f\u00f6r kontakterna. Kalendern \u00e4r full \u00e4nd\u00e5.<\/p>\n<p>\u2013 Nu kan jag sitta h\u00e4r och jobba med samma kundkrets.<\/p>\n<p>Fr\u00e5n sin kontorsplats som han hyr i centrala Leksand har han m\u00f6ten med hela musikv\u00e4rlden.<\/p>\n<p>Just nu jobbar han med en s\u00e5ngerska fr\u00e5n London som heter FKA Twigs, svenska LA-baserade artisten Lykke Li, Benjamin Ingrosso och ett amerikanskt rockband som heter Bleachers.<\/p>\n<p><img decoding=\"async\" width=\"640\" height=\"427\" class=\"article-image article-image--unbound\" alt=\"Paret renoverar huset i R\u00e4ltlindor rum f\u00f6r rum. De bevarar s\u00e5 mycket av det gamla som m\u00f6jligt. \u201dN\u00e4stan alla gardiner och det h\u00e4r draperiet h\u00e4nger kvar sedan gamelmoster Britta bodde h\u00e4r\u201d.\" src=\"https:\/\/www.europesays.com\/se\/wp-content\/uploads\/2025\/12\/b55dd5d3-6c64-4a4c-95e6-c53f9ecd3ac7.jpeg\"   loading=\"lazy\"\/><a class=\"article__lightbox-link\" href=\"https:\/\/static.bonniernews.se\/ba\/b55dd5d3-6c64-4a4c-95e6-c53f9ecd3ac7.jpeg?width=1400&amp;format=pjpg&amp;auto=avif\" data-pswp-width=\"1400\" data-pswp-height=\"933\" data-pswp-caption=\"Paret renoverar huset i R\u00e4ltlindor rum f\u00f6r rum. De bevarar s\u00e5 mycket av det gamla som m\u00f6jligt. \u201dN\u00e4stan alla gardiner och det h\u00e4r draperiet h\u00e4nger kvar sedan gamelmoster Britta bodde h\u00e4r\u201d. Bild: Anna Klint\" data-pswp- rel=\"nofollow noopener\" target=\"_blank\">\u00d6ppna bild i helsk\u00e4rmsl\u00e4ge<\/a><\/p>\n<p class=\"txt-style-muted\" aria-hidden=\"true\">Paret renoverar huset i R\u00e4ltlindor rum f\u00f6r rum. De bevarar s\u00e5 mycket av det gamla som m\u00f6jligt. \u201dN\u00e4stan alla gardiner och det h\u00e4r draperiet h\u00e4nger kvar sedan gamelmoster Britta bodde h\u00e4r\u201d.<\/p>\n<p class=\"article__figcaption-attribution txt-style-muted\">Bild: Anna Klint<\/p>\n<p>Fyra projekt i taget tycker han \u00e4r ganska lagom.<\/p>\n<p><strong>Kostar det lika mycket f\u00f6r alla?<\/strong><\/p>\n<p>\u2013 Nej, oh nej! Mycket av min yrkeskunskap \u00e4r att leverera en design inom ett ramverk och en budget. Det beror helt p\u00e5 vad de har f\u00f6r pl\u00e5nbok och vill g\u00f6ra, f\u00f6rklarar han. <\/p>\n<p>S\u00e4rskilt de svenska artisterna ger han rabatt. <\/p>\n<p aria-disabled=\"true\" class=\"ad__preamble ad-text txt-style-muted txt-ui txt-ui--strong txt-ui-2\">Annons<\/p>\n<p>\u2013 Jag ser det lite som ett konstn\u00e4rskap, \u00e4r det n\u00e5gon jag vill g\u00f6ra s\u00e5 g\u00f6r jag det. De har ju inte alls samma pl\u00e5nbok som de amerikanska. <\/p>\n<p>Artister tj\u00e4nar inte l\u00e4ngre n\u00e5gra pengar p\u00e5 turn\u00e9er, ber\u00e4ttar han.<\/p>\n<p>\u2013 Produktionerna har blivit s\u00e5 himla stora idag. Vissa artister har mycket pengar men g\u00e5r \u00e4nd\u00e5 knappt runt. Man pratar mer om hur mycket de vill g\u00e5 back.<\/p>\n<p><strong>Blir du rik d\u00e5?<\/strong><\/p>\n<p>\u2013 Nej. Folk brukar tro det. Jag klarar mig bra, men det \u00e4r inte s\u00e5 att jag har ett hus i Hollywood samtidigt som jag har hus i R\u00e4ltlindor.<\/p>\n<p><img decoding=\"async\" width=\"640\" height=\"427\" class=\"article-image article-image--unbound\" alt=\"De tr\u00e4ffades under Tobias jobbresor i Chile som ocks\u00e5 \u00e4r \u201dTotis\u201d hemland. Hon reser ocks\u00e5 mycket och jobbar med produktion av stora lives\u00e4nda e-sportevent. Ett tag gjorde Tobias det ocks\u00e5. \u2013 Det var s\u00e5 jag tog mig genom pandemin.\" src=\"https:\/\/www.europesays.com\/se\/wp-content\/uploads\/2025\/12\/d26b1e22-0061-46a7-aa4e-2dc31876bf35.jpeg\"   loading=\"lazy\"\/><a class=\"article__lightbox-link\" href=\"https:\/\/static.bonniernews.se\/ba\/d26b1e22-0061-46a7-aa4e-2dc31876bf35.jpeg?width=1400&amp;format=pjpg&amp;auto=avif\" data-pswp-width=\"1400\" data-pswp-height=\"933\" data-pswp-caption=\"De tr\u00e4ffades under Tobias jobbresor i Chile som ocks\u00e5 \u00e4r \u201dTotis\u201d hemland. Hon reser ocks\u00e5 mycket och jobbar med produktion av stora lives\u00e4nda e-sportevent. Ett tag gjorde Tobias det ocks\u00e5. \u2013 Det var s\u00e5 jag tog mig genom pandemin. Bild: Anna Klint\" data-pswp- rel=\"nofollow noopener\" target=\"_blank\">\u00d6ppna bild i helsk\u00e4rmsl\u00e4ge<\/a><\/p>\n<p class=\"txt-style-muted\" aria-hidden=\"true\">De tr\u00e4ffades under Tobias jobbresor i Chile som ocks\u00e5 \u00e4r \u201dTotis\u201d hemland. Hon reser ocks\u00e5 mycket och jobbar med produktion av stora lives\u00e4nda e-sportevent. Ett tag gjorde Tobias det ocks\u00e5. \u2013 Det var s\u00e5 jag tog mig genom pandemin.<\/p>\n<p class=\"article__figcaption-attribution txt-style-muted\">Bild: Anna Klint<\/p>\n<p>Tobias ber\u00e4ttar att han haft en lista \u00f6ver dr\u00f6marenor att f\u00e5 g\u00f6ra men att det b\u00f6rjar bli f\u00e5 kvar att bocka av. <\/p>\n<p>\u2013 Dodger stadium (Los Angeles) har varit p\u00e5 min \u201dbucket list\u201d men den fick jag g\u00f6ra f\u00f6r n\u00e5gra veckor sedan. Madison Square Garden (New York) har jag gjort m\u00e5nga g\u00e5nger. Ullevi (G\u00f6teborg) var en s\u00e5dan, den bockade jag ju av i somras med H\u00e5kan.  <\/p>\n<p aria-disabled=\"true\" class=\"ad__preamble ad-text txt-style-muted txt-ui txt-ui--strong txt-ui-2\">Annons<\/p>\n<p>Baletter p\u00e5 operan i Stockholm och modeshower i Paris<\/p>\n<p>Han har ocks\u00e5 designat ljuset f\u00f6r tv\u00e5 baletter p\u00e5 operan i Stockholm och gjort flera modeshower i Paris.<\/p>\n<p>\u2013 Min f\u00f6rsta fashionshow var Balenciaga i Paris. Alexander Wang som var huvuddesigner tyckte om min stil s\u00e5 jag fick g\u00f6ra estetik och ljus f\u00f6r hans shower i Paris.  <\/p>\n<p><strong>Finns det ingen kvar p\u00e5 din \u201dbucketlist\u201d i Sverige?<\/strong><\/p>\n<p>\u2013 Det skulle v\u00e4l vara Dalhalla d\u00e5! Det skulle vara v\u00e4ldigt kul med r\u00e4tt artist.<\/p>\n<p>L\u00c4S MER: <a class=\"article__content-link\" href=\"https:\/\/www.falukuriren.se\/artikel\/sa-ljussatter-beyonces-ljusdesigner-sin-jul-hemma-i-leksand\/\" rel=\"nofollow noopener\" target=\"_blank\">S\u00e5 ljuss\u00e4tter Beyonc\u00e9s ljusdesigner sin jul hemma i Leksand<\/a><\/p>\n","protected":false},"excerpt":{"rendered":"Sj\u00e4lv gillar han inte att vara i spotlighten. Men det \u00e4r ljus \u2013 och showdesignern Tobias Rylander fr\u00e5n&hellip;\n","protected":false},"author":2,"featured_media":115498,"comment_status":"","ping_status":"","sticky":false,"template":"","format":"standard","meta":{"footnotes":""},"categories":[67],"tags":[104,34,31,33,32,30,105],"class_list":{"0":"post-115497","1":"post","2":"type-post","3":"status-publish","4":"format-standard","5":"has-post-thumbnail","7":"category-underhallning","8":"tag-entertainment","9":"tag-se","10":"tag-svenska","11":"tag-sverige","12":"tag-sweden","13":"tag-swedish","14":"tag-underhallning"},"share_on_mastodon":{"url":"https:\/\/pubeurope.com\/@se\/115773431714508356","error":""},"_links":{"self":[{"href":"https:\/\/www.europesays.com\/se\/wp-json\/wp\/v2\/posts\/115497","targetHints":{"allow":["GET"]}}],"collection":[{"href":"https:\/\/www.europesays.com\/se\/wp-json\/wp\/v2\/posts"}],"about":[{"href":"https:\/\/www.europesays.com\/se\/wp-json\/wp\/v2\/types\/post"}],"author":[{"embeddable":true,"href":"https:\/\/www.europesays.com\/se\/wp-json\/wp\/v2\/users\/2"}],"replies":[{"embeddable":true,"href":"https:\/\/www.europesays.com\/se\/wp-json\/wp\/v2\/comments?post=115497"}],"version-history":[{"count":0,"href":"https:\/\/www.europesays.com\/se\/wp-json\/wp\/v2\/posts\/115497\/revisions"}],"wp:featuredmedia":[{"embeddable":true,"href":"https:\/\/www.europesays.com\/se\/wp-json\/wp\/v2\/media\/115498"}],"wp:attachment":[{"href":"https:\/\/www.europesays.com\/se\/wp-json\/wp\/v2\/media?parent=115497"}],"wp:term":[{"taxonomy":"category","embeddable":true,"href":"https:\/\/www.europesays.com\/se\/wp-json\/wp\/v2\/categories?post=115497"},{"taxonomy":"post_tag","embeddable":true,"href":"https:\/\/www.europesays.com\/se\/wp-json\/wp\/v2\/tags?post=115497"}],"curies":[{"name":"wp","href":"https:\/\/api.w.org\/{rel}","templated":true}]}}