{"id":115500,"date":"2025-12-24T07:47:08","date_gmt":"2025-12-24T07:47:08","guid":{"rendered":"https:\/\/www.europesays.com\/se\/115500\/"},"modified":"2025-12-24T07:47:08","modified_gmt":"2025-12-24T07:47:08","slug":"tre-doda-i-explosion-vid-polisstation-i-moskva-utrikes","status":"publish","type":"post","link":"https:\/\/www.europesays.com\/se\/115500\/","title":{"rendered":"Tre d\u00f6da i explosion vid polisstation i Moskva | Utrikes"},"content":{"rendered":"<p class=\"aw-1gybjub aw-5vja16 kEtdKx kmuxyA yle__article__paragraph\">Explosionen \u00e4gde rum i n\u00e4rheten av platsen d\u00e4r en rysk general d\u00f6dades p\u00e5 m\u00e5ndagen.<\/p>\n<p>Lyssna (du h\u00f6r en artificiell r\u00f6st) 1:11<\/p>\n<p class=\"aw-1gybjub aw-1p7kakr kEtdKx cEmitX yle__article__paragraph\">Tre personer, varav tv\u00e5 ryska poliser, har d\u00f6tt i en explosion n\u00e4ra en polisstation i s\u00f6dra Moskva natten till onsdag.<\/p>\n<p class=\"aw-1gybjub aw-1p7kakr kEtdKx cEmitX yle__article__paragraph\">Det rapporterar nyhetsbyr\u00e5erna Reuters och AFP med h\u00e4nvisning till bland annat lokala Telegramkanaler.<\/p>\n<p class=\"aw-1gybjub aw-1p7kakr kEtdKx cEmitX yle__article__paragraph\">Flera medier rapporterar att Rysslands utredningskommitt\u00e9 inlett en brottsutredning om explosionen. Mer specifikt utreder kommitt\u00e9n mord p\u00e5 polis och olaga hantering av spr\u00e4ng\u00e4mnen.<\/p>\n<p class=\"aw-1gybjub aw-1p7kakr kEtdKx cEmitX yle__article__paragraph\">Enligt kommitt\u00e9n skedde explosionen i samband med att de tv\u00e5 poliserna n\u00e4rmade sig en man som betedde sig misst\u00e4nkt i n\u00e4rheten av polisernas tj\u00e4nstefordon. Det har inte specificerats vem mannen var.<\/p>\n<p class=\"aw-1gybjub aw-1p7kakr kEtdKx cEmitX yle__article__paragraph\">Platsen f\u00f6r explosionerna ska ligga i n\u00e4rheten av platsen d\u00e4r den ryska generall\u00f6jtnanten <strong class=\"aw-ak79eh KyCXm yle__article__strong\">Fanil Sarvarov<\/strong> dog i ett <a class=\"aw-iao6s4 iHOxEa yle__article__link\" href=\"https:\/\/yle.fi\/a\/7-10090439\" role=\"link\" rel=\"nofollow noopener\" target=\"_blank\">bilbombsattentat<\/a> p\u00e5 m\u00e5ndagen.<\/p>\n<p class=\"aw-1gybjub aw-1p7kakr kEtdKx cEmitX yle__article__paragraph\">Den ryska utredningskommitt\u00e9n har tidigare meddelat att fallet utreds som mord och att man unders\u00f6ker om det finns ukrainska kopplingar till attentatet.<\/p>\n<p class=\"aw-1gybjub aw-1p7kakr kEtdKx cEmitX yle__article__paragraph\">K\u00e4llor: AFP, Reuters<\/p>\n","protected":false},"excerpt":{"rendered":"Explosionen \u00e4gde rum i n\u00e4rheten av platsen d\u00e4r en rysk general d\u00f6dades p\u00e5 m\u00e5ndagen. Lyssna (du h\u00f6r en&hellip;\n","protected":false},"author":2,"featured_media":28028,"comment_status":"","ping_status":"","sticky":false,"template":"","format":"standard","meta":{"footnotes":""},"categories":[14],"tags":[22,23,128,12492,12402,26,27,17,21,24,25,28,29,1542,3468,15,16,1274,18,264,34,31,33,32,30,19,20,263,237,51,52,53,54],"class_list":{"0":"post-115500","1":"post","2":"type-post","3":"status-publish","4":"format-standard","5":"has-post-thumbnail","7":"category-varlden","8":"tag-breaking-news","9":"tag-breakingnews","10":"tag-brott","11":"tag-brottsundersokningar","12":"tag-explosioner","13":"tag-featured-news","14":"tag-featurednews","15":"tag-headlines","16":"tag-huvudnyheter","17":"tag-latest-news","18":"tag-latestnews","19":"tag-main-news","20":"tag-mainnews","21":"tag-mord","22":"tag-moskva","23":"tag-news","24":"tag-nyheter","25":"tag-polisen","26":"tag-rubriker","27":"tag-ryssland","28":"tag-se","29":"tag-svenska","30":"tag-sverige","31":"tag-sweden","32":"tag-swedish","33":"tag-top-stories","34":"tag-topstories","35":"tag-ukraina","36":"tag-utrikes","37":"tag-varlden","38":"tag-world","39":"tag-world-news","40":"tag-worldnews"},"share_on_mastodon":{"url":"https:\/\/pubeurope.com\/@se\/115773442837538474","error":""},"_links":{"self":[{"href":"https:\/\/www.europesays.com\/se\/wp-json\/wp\/v2\/posts\/115500","targetHints":{"allow":["GET"]}}],"collection":[{"href":"https:\/\/www.europesays.com\/se\/wp-json\/wp\/v2\/posts"}],"about":[{"href":"https:\/\/www.europesays.com\/se\/wp-json\/wp\/v2\/types\/post"}],"author":[{"embeddable":true,"href":"https:\/\/www.europesays.com\/se\/wp-json\/wp\/v2\/users\/2"}],"replies":[{"embeddable":true,"href":"https:\/\/www.europesays.com\/se\/wp-json\/wp\/v2\/comments?post=115500"}],"version-history":[{"count":0,"href":"https:\/\/www.europesays.com\/se\/wp-json\/wp\/v2\/posts\/115500\/revisions"}],"wp:featuredmedia":[{"embeddable":true,"href":"https:\/\/www.europesays.com\/se\/wp-json\/wp\/v2\/media\/28028"}],"wp:attachment":[{"href":"https:\/\/www.europesays.com\/se\/wp-json\/wp\/v2\/media?parent=115500"}],"wp:term":[{"taxonomy":"category","embeddable":true,"href":"https:\/\/www.europesays.com\/se\/wp-json\/wp\/v2\/categories?post=115500"},{"taxonomy":"post_tag","embeddable":true,"href":"https:\/\/www.europesays.com\/se\/wp-json\/wp\/v2\/tags?post=115500"}],"curies":[{"name":"wp","href":"https:\/\/api.w.org\/{rel}","templated":true}]}}