{"id":115522,"date":"2025-12-24T08:09:08","date_gmt":"2025-12-24T08:09:08","guid":{"rendered":"https:\/\/www.europesays.com\/se\/115522\/"},"modified":"2025-12-24T08:09:08","modified_gmt":"2025-12-24T08:09:08","slug":"siw-malmkvists-nya-moment-som-julvard-ett-quiz","status":"publish","type":"post","link":"https:\/\/www.europesays.com\/se\/115522\/","title":{"rendered":"Siw Malmkvists nya moment som julv\u00e4rd: \u201dEtt quiz!\u201d"},"content":{"rendered":"<p>Siw Malmkvist t\u00e4nker inf\u00f6ra ett nytt moment i det prestigefyllda uppdraget som julv\u00e4rd. Det s\u00e4ger hon till SVT Nyheter, som f\u00f6ljt med henne bakom kulisserna.<\/p>\n<p>\u2013 Det blir ett quiz, s\u00e4ger hon och till\u00e4gger att hon gillar fr\u00e5gesport.<\/p>\n<p>Tittarna kan delta i quizet, ber\u00e4ttar Malmkvist inf\u00f6r den \u00e5rliga juls\u00e4ndningen.<\/p>\n<p>Omni \u00e4r politiskt obundna och oberoende. Vi str\u00e4var efter att ge fler perspektiv p\u00e5 nyheterna. Har du fr\u00e5gor eller synpunkter kring v\u00e5r rapportering? <a href=\"https:\/\/omni.se\/siw-malmkvists-nya-moment-som-julvard-ett-quiz\/a\/mailto:redaktion@omni.se\" class=\"ArticleActions_contactLink__W2F1M\" rel=\"nofollow noopener\" target=\"_blank\">Kontakta redaktionen<\/a><\/p>\n","protected":false},"excerpt":{"rendered":"Siw Malmkvist t\u00e4nker inf\u00f6ra ett nytt moment i det prestigefyllda uppdraget som julv\u00e4rd. Det s\u00e4ger hon till SVT&hellip;\n","protected":false},"author":2,"featured_media":115523,"comment_status":"","ping_status":"","sticky":false,"template":"","format":"standard","meta":{"footnotes":""},"categories":[67],"tags":[104,34,2773,31,33,586,32,30,105],"class_list":{"0":"post-115522","1":"post","2":"type-post","3":"status-publish","4":"format-standard","5":"has-post-thumbnail","7":"category-underhallning","8":"tag-entertainment","9":"tag-se","10":"tag-siw-malmkvist","11":"tag-svenska","12":"tag-sverige","13":"tag-svt","14":"tag-sweden","15":"tag-swedish","16":"tag-underhallning"},"share_on_mastodon":{"url":"https:\/\/pubeurope.com\/@se\/115773529298667459","error":""},"_links":{"self":[{"href":"https:\/\/www.europesays.com\/se\/wp-json\/wp\/v2\/posts\/115522","targetHints":{"allow":["GET"]}}],"collection":[{"href":"https:\/\/www.europesays.com\/se\/wp-json\/wp\/v2\/posts"}],"about":[{"href":"https:\/\/www.europesays.com\/se\/wp-json\/wp\/v2\/types\/post"}],"author":[{"embeddable":true,"href":"https:\/\/www.europesays.com\/se\/wp-json\/wp\/v2\/users\/2"}],"replies":[{"embeddable":true,"href":"https:\/\/www.europesays.com\/se\/wp-json\/wp\/v2\/comments?post=115522"}],"version-history":[{"count":0,"href":"https:\/\/www.europesays.com\/se\/wp-json\/wp\/v2\/posts\/115522\/revisions"}],"wp:featuredmedia":[{"embeddable":true,"href":"https:\/\/www.europesays.com\/se\/wp-json\/wp\/v2\/media\/115523"}],"wp:attachment":[{"href":"https:\/\/www.europesays.com\/se\/wp-json\/wp\/v2\/media?parent=115522"}],"wp:term":[{"taxonomy":"category","embeddable":true,"href":"https:\/\/www.europesays.com\/se\/wp-json\/wp\/v2\/categories?post=115522"},{"taxonomy":"post_tag","embeddable":true,"href":"https:\/\/www.europesays.com\/se\/wp-json\/wp\/v2\/tags?post=115522"}],"curies":[{"name":"wp","href":"https:\/\/api.w.org\/{rel}","templated":true}]}}