{"id":115524,"date":"2025-12-24T08:13:26","date_gmt":"2025-12-24T08:13:26","guid":{"rendered":"https:\/\/www.europesays.com\/se\/115524\/"},"modified":"2025-12-24T08:13:26","modified_gmt":"2025-12-24T08:13:26","slug":"se-krubborna-som-intar-vatikanen-varlden","status":"publish","type":"post","link":"https:\/\/www.europesays.com\/se\/115524\/","title":{"rendered":"Se krubborna som intar Vatikanen | V\u00e4rlden"},"content":{"rendered":"<p>Publicerad 24 dec 2025 kl 06.43Uppdaterad kl 08.52<\/p>\n<p>Julkrubban i en gammal pl\u00e5tburk \u2013 eller i en buss som k\u00f6r runt romare?<\/p>\n<p>Vatikanen har l\u00e5tit \u00f6ver hundra konstn\u00e4rer tolka den klassiska julscenen.<\/p>\n<p>Elias Eliasson k\u00f6r ingen vanlig taxi. Under julen f\u00f6rvandlas hans taxibil till en fest \u2013 med julpynt och julmusik.<img loading=\"lazy\"   alt=\"\"\/> <\/p>\n<p>Foto: Gregorio Borgia \/ TT NYHETSBYR\u00c5N<\/p>\n<p>\u00d6ppna bild i helsk\u00e4rm<img loading=\"lazy\"   alt=\"\"\/><\/p>\n<p>Josef, Maria och det lilla Jesusbarnet.<\/p>\n<p>Foto: Gregorio Borgia \/ TT NYHETSBYR\u00c5N<\/p>\n<p>\u00d6ppna bild i helsk\u00e4rm<img loading=\"lazy\"   alt=\"\"\/><\/p>\n<p>Fronten p\u00e5 en linjebuss fr\u00e5n Rom ramar in scenen.<\/p>\n<p>Foto: Gregorio Borgia \/ TT NYHETSBYR\u00c5N<\/p>\n<p>\u00d6ppna bild i helsk\u00e4rm<\/p>\n<p>Avbildningar av Jesu f\u00f6delse \u00e4r ett bekant inslag f\u00f6r julfirare v\u00e4rlden \u00f6ver, men den traditionella tolkningen f\u00e5r st\u00e5 \u00e5t sidan n\u00e4r 132 konstn\u00e4rer ger scenen ny skrud. Materialen som anv\u00e4nts i \u00e5rets utst\u00e4llning i Vatikanen str\u00e4cker sig fr\u00e5n ull och siden till kokos- och bananfiber.<\/p>\n<p><img loading=\"lazy\"   alt=\"\"\/><\/p>\n<p>En detaljrik krubba i tr\u00e4.<\/p>\n<p>Foto: Gregorio Borgia \/ TT NYHETSBYR\u00c5N<\/p>\n<p>\u00d6ppna bild i helsk\u00e4rm<\/p>\n<p>I en av montrarna omg\u00e4rdar gamla tennisracketar i m\u00f6rkt tr\u00e4 tre deformerade tennisracketar som tydligt anspelar p\u00e5 Josef, Maria och Jesusbarnet. \u00c4ven en annan konstn\u00e4r har arbetat i \u00e5terbrukets tecken \u2013 julkrubban g\u00f6mmer sig i en pl\u00e5tburk f\u00f6r matolja d\u00e4r utsidan m\u00e5lats i ett klassiskt vinterlandskap i skymning.<\/p>\n<p><img loading=\"lazy\"   alt=\"\"\/><\/p>\n<p>I en av montrarna omg\u00e4rdar gamla tennisracketar i m\u00f6rkt tr\u00e4 tre deformerade tennisracketar som tydligt anspelar p\u00e5 Josef, Maria och Jesusbarnet.<\/p>\n<p>Foto: Gregorio Borgia \/ TT Nyhetsbyr\u00e5n<\/p>\n<p>\u00d6ppna bild i helsk\u00e4rm<img loading=\"lazy\"   alt=\"\"\/><\/p>\n<p>I en pl\u00e5tburk f\u00f6r matolja d\u00e4r utsidan m\u00e5lats i ett klassiskt vinterlandskap i skymning.<\/p>\n<p>Foto: Gregorio Borgia \/ TT NYHETSBYR\u00c5N<\/p>\n<p>\u00d6ppna bild i helsk\u00e4rm<\/p>\n<p>En tredje konstn\u00e4r har tagit in vardagslivet i julkrubbans v\u00e4rld och anv\u00e4nt fronten p\u00e5 en linjebuss fr\u00e5n Rom f\u00f6r att rama in scenen.\u00a0<\/p>\n<p>Utst\u00e4llningen sker f\u00f6r \u00e5ttonde \u00e5ret i rad i Vatikanen och sammanfaller i \u00e5r med det katolska jubel\u00e5ret som firas var 25:e \u00e5r.<\/p>\n<p>Konstn\u00e4rerna kommer fr\u00e5n 23 l\u00e4nder v\u00e4rlden \u00f6ver, d\u00e4ribland ett flertal europeiska l\u00e4nder, Japan, Indonesien, Peru och Eritrea.<\/p>\n<p><img alt=\"\"\/>Ljudklippet gick inte att spela upp<\/p>\n<p>F\u00f6rs\u00f6k igen senare<\/p>\n","protected":false},"excerpt":{"rendered":"Publicerad 24 dec 2025 kl 06.43Uppdaterad kl 08.52 Julkrubban i en gammal pl\u00e5tburk \u2013 eller i en buss&hellip;\n","protected":false},"author":2,"featured_media":115525,"comment_status":"","ping_status":"","sticky":false,"template":"","format":"standard","meta":{"footnotes":""},"categories":[14],"tags":[22,23,26,27,17,21,24,25,5275,28,29,15,16,18,34,55,31,33,32,30,19,5969,2830,20,51,52,53,54],"class_list":{"0":"post-115524","1":"post","2":"type-post","3":"status-publish","4":"format-standard","5":"has-post-thumbnail","7":"category-varlden","8":"tag-breaking-news","9":"tag-breakingnews","10":"tag-featured-news","11":"tag-featurednews","12":"tag-headlines","13":"tag-huvudnyheter","14":"tag-latest-news","15":"tag-latestnews","16":"tag-location-vatikanstaten","17":"tag-main-news","18":"tag-mainnews","19":"tag-news","20":"tag-nyheter","21":"tag-rubriker","22":"tag-se","23":"tag-sections-varlden","24":"tag-svenska","25":"tag-sverige","26":"tag-sweden","27":"tag-swedish","28":"tag-top-stories","29":"tag-topic-hogtider","30":"tag-topic-jul","31":"tag-topstories","32":"tag-varlden","33":"tag-world","34":"tag-world-news","35":"tag-worldnews"},"share_on_mastodon":{"url":"https:\/\/pubeurope.com\/@se\/115773545103178997","error":""},"_links":{"self":[{"href":"https:\/\/www.europesays.com\/se\/wp-json\/wp\/v2\/posts\/115524","targetHints":{"allow":["GET"]}}],"collection":[{"href":"https:\/\/www.europesays.com\/se\/wp-json\/wp\/v2\/posts"}],"about":[{"href":"https:\/\/www.europesays.com\/se\/wp-json\/wp\/v2\/types\/post"}],"author":[{"embeddable":true,"href":"https:\/\/www.europesays.com\/se\/wp-json\/wp\/v2\/users\/2"}],"replies":[{"embeddable":true,"href":"https:\/\/www.europesays.com\/se\/wp-json\/wp\/v2\/comments?post=115524"}],"version-history":[{"count":0,"href":"https:\/\/www.europesays.com\/se\/wp-json\/wp\/v2\/posts\/115524\/revisions"}],"wp:featuredmedia":[{"embeddable":true,"href":"https:\/\/www.europesays.com\/se\/wp-json\/wp\/v2\/media\/115525"}],"wp:attachment":[{"href":"https:\/\/www.europesays.com\/se\/wp-json\/wp\/v2\/media?parent=115524"}],"wp:term":[{"taxonomy":"category","embeddable":true,"href":"https:\/\/www.europesays.com\/se\/wp-json\/wp\/v2\/categories?post=115524"},{"taxonomy":"post_tag","embeddable":true,"href":"https:\/\/www.europesays.com\/se\/wp-json\/wp\/v2\/tags?post=115524"}],"curies":[{"name":"wp","href":"https:\/\/api.w.org\/{rel}","templated":true}]}}