{"id":11553,"date":"2025-08-23T05:39:07","date_gmt":"2025-08-23T05:39:07","guid":{"rendered":"https:\/\/www.europesays.com\/se\/11553\/"},"modified":"2025-08-23T05:39:07","modified_gmt":"2025-08-23T05:39:07","slug":"s-regeringen-gav-fingret-at-grannarna","status":"publish","type":"post","link":"https:\/\/www.europesays.com\/se\/11553\/","title":{"rendered":"S-regeringen gav fingret \u00e5t grannarna"},"content":{"rendered":"<p>Patrik Kronqvist<\/p>\n<p>Publicerad 23 aug 2025 kl 07.00Uppdaterad kl 07.33<\/p>\n<p>S-regeringen gav l\u00e5ngfingret \u00e5t grannarna. \u00c4ntligen har Sveriges h\u00e5llning \u00e4ndrats.<\/p>\n<p><img   alt=\"\"\/><\/p>\n<p>S-ledaren Magdalena Andersson var statsminister 2021-2022.<\/p>\n<p>Foto: FREDRIK PERSSON\/TT \/ TT NYHETSBYR\u00c5N<\/p>\n<p>\u00d6ppna bild i helsk\u00e4rm<img loading=\"lazy\"   alt=\"\"\/><\/p>\n<p>Baltikum \u00e4r i fokus f\u00f6r regeringen Kristersson<\/p>\n<p>Foto: Below the Sky \/ Shutterstock<\/p>\n<p>\u00d6ppna bild i helsk\u00e4rm<\/p>\n<p>Detta \u00e4r en kr\u00f6nika fr\u00e5n Expressens ledarredaktion. Expressens politiska h\u00e5llning \u00e4r liberal.<\/p>\n<p><img   alt=\"\"\/>Patrik Kronqvist<\/p>\n<p>I november 1989 for den socialdemokratiska utrikesministern Sten Andersson till Tallinn. Det var en h\u00f6st d\u00e5 f\u00f6r\u00e4ndringens vindar bl\u00e5ste genom \u00d6steuropa.\u00a0<\/p>\n<p>I Sverige hade borgerliga politiker l\u00e4nge st\u00f6tt den baltiska frihetskampen. Men ministern var kallsinnig inf\u00f6r balternas \u00f6nskan att frig\u00f6ra sig fr\u00e5n Sovjetunionen. P\u00e5 en fr\u00e5ga fr\u00e5n journalister sa Andersson: \u201d<a href=\"https:\/\/www.expressen.se\/tagg\/location\/estland\/\" class=\"\" rel=\"nofollow noopener\" target=\"_blank\">Estland<\/a> \u00e4r inte ockuperat\u201d.<\/p>\n<p><strong>N\u00e4stan fyra decennier efter det fam\u00f6sa uttalandet g\u00e5r det fortfarande att sk\u00f6nja en v\u00e4nster-h\u00f6ger-klyfta i engagemanget f\u00f6r Baltikum.\u00a0<\/strong><\/p>\n<p>Ett avsl\u00f6jande m\u00e5tt p\u00e5 utrikespolitiska ambitioner \u00e4r regeringschefens resor.\u00a0<\/p>\n<p>Under Stefan L\u00f6fvens f\u00f6rsta mandatperiod som statsminister 2014 till 2018 reste han till de baltiska l\u00e4nderna en enda g\u00e5ng, i ett svep och under samma dag. Ut\u00f6ver det for L\u00f6fven till Riga f\u00f6r ett EU-m\u00f6te.\u00a0<\/p>\n<p>Tyngdpunkten i den r\u00f6dgr\u00f6na utrikespolitiken l\u00e5g i st\u00e4llet p\u00e5 att s\u00e4kra en plats i FN:s s\u00e4kerhetsr\u00e5d. N\u00e4r utrikesminister Margot Wallstr\u00f6m 2018 radade upp Sveriges prioriteringar i r\u00e5det n\u00e4mndes Ryssland eller \u00d6stersj\u00f6n inte med ett enda ord \u2013 trots att Kreml attackerat \u00f6stra Ukraina bara fyra \u00e5r tidigare.\u00a0<\/p>\n<p>Tuvalu var viktigare \u00e4n Tallinn.\u00a0<\/p>\n<p>Samtidigt var de baltiska politikerna betydligt mer m\u00e5na om relationerna med Sverige. Fr\u00e5n b\u00e5de Estland och Lettland reste n\u00e5gon av presidenten, premi\u00e4rministern eller utrikesministern till Sverige vardera tre g\u00e5nger med statsministern som v\u00e4rd.\u00a0<\/p>\n<p><strong>Under den efterf\u00f6ljande mandatperioden fortsatte baltiska politiker att resa v\u00e4sterut \u2013 trots pandemin.<\/strong><\/p>\n<p>Sverige svarade med att visa det diplomatiska l\u00e5ngfingret. Statsministrarna Stefan L\u00f6fven och Magdalena Andersson for mellan 2018 och 2022 inte en enda g\u00e5ng till Baltikum. Och i utrikes- och regeringsdeklarationer fick regionen en undanskymd plats eller utel\u00e4mnades helt.<\/p>\n<p>Ointresset kan vara en f\u00f6rklaring till Magdalena Anderssons allvarliga felsteg i samband med Rysslands fullskaliga invasion av Ukraina. F\u00f6rst tog det tre veckor f\u00f6r henne att \u00f6verhuvudtaget kommentera det tal d\u00e4r Putin ifr\u00e5gasatte Sveriges r\u00e4tt att v\u00e4lja s\u00e4kerhetspolitisk v\u00e4g. Och n\u00e4r rysk trupp v\u00e4l korsat gr\u00e4nsen h\u00e4vdade hon att en svensk Nato-ans\u00f6kan skulle destabilisera s\u00e4kerhetsl\u00e4get \u2013 n\u00e4rmast en upprepning av Kremls talepunkt.<\/p>\n<blockquote><p>Nostalgiker h\u00e4vdar numera att \u201dSveriges r\u00f6st i v\u00e4rlden har tystnat\u201d. Det st\u00e4mmer inte.<\/p><\/blockquote>\n<p>Under Ulf Kristerssons tid som statsminister har Sverige b\u00f6rjat ta igen f\u00f6rlorad mark. Han har sj\u00e4lv rest tre g\u00e5nger vardera till Lettland och Litauen samt tv\u00e5 g\u00e5nger till Estland.<\/p>\n<p>\u00c4nnu viktigare \u00e4r att Kristersson tv\u00e5 g\u00e5nger har samlat de nordisk-baltiska ledarna till m\u00f6ten i Sverige.\u00a0<\/p>\n<p>Tyngdpunkten har av naturliga sk\u00e4l legat p\u00e5 st\u00f6det till Ukraina och milit\u00e4ra fr\u00e5gor. F\u00f6rsvarsmakten har numera regelbundet trupp p\u00e5 plats i Lettland. Det \u00e4r ett st\u00f6d som handlar lika mycket om egenintresse som av solidaritet. F\u00f6r enligt Natos krigsplaner f\u00f6rsvaras Sverige numera i Baltikum.<\/p>\n<p>Annons<\/p>\n<p><strong>Men samarbetet beh\u00f6ver inneh\u00e5lla mycket mer \u00e4n bara f\u00f6rsvar. N\u00e4r Finland kr\u00f6p ur den ryska intressesf\u00e4ren var det en l\u00e5ngsam process. En nyckel var att landet steg f\u00f6r steg integrerades i Skandinavien och Europa \u2013 b\u00e5de politiskt och ekonomiskt.<\/strong><\/p>\n<p>F\u00f6r Estland, Lettland och Litauen har den resan g\u00e5tt snabbare. Nato, EU och euron har varit viktiga h\u00e5llpunkter p\u00e5 v\u00e4gen. Men svenska banker har ocks\u00e5 spelat en viktig roll f\u00f6r att inlemma Baltikum i v\u00e4st, skandalerna med penningtv\u00e4tt till trots.<\/p>\n<p>Fortfarande finns dock mycket att g\u00f6ra f\u00f6r att st\u00e4rka v\u00e5ra band. Sverige borde till exempel inte bara skicka f\u00e5ngar till Tartu utan ocks\u00e5 studenter. Staden har ett utm\u00e4rkt universitet, grundat av Gustav II Adolf.\u00a0<\/p>\n<p>\u00c5terigen handlar det lika mycket om egennytta som omtanke.\u00a0<\/p>\n<p>Sverige har mycket att l\u00e4ra av de snabbv\u00e4xande ekonomierna i Baltikum vad g\u00e4ller s\u00e5dant som skattesystem och enklare regelverk. Ta bara digitaliseringen. Medan Sverige k\u00e4mpar med att ens f\u00e5 fram fungerande skolplattformar kan esterna g\u00f6ra alla sina offentliga \u00e4renden digitalt.<\/p>\n<p>Samarbetsprojekt \u2013 som gemensamma e-recept \u2013 har f\u00e5tt skjutas p\u00e5 framtiden f\u00f6r att Sverige misslyckats med tekniken och juridiken. Kanske kan den estniska bist\u00e5ndsmyndigheten g\u00f6ra en insats f\u00f6r att hj\u00e4lpa sina tekniskt underutvecklade grannar?<\/p>\n<p>Nostalgiker h\u00e4vdar numera att \u201dSveriges r\u00f6st i v\u00e4rlden har tystnat\u201d. Det st\u00e4mmer inte. Men vi har b\u00f6rjat lyssna p\u00e5 v\u00e5ra grannar.<\/p>\n<p>Patrik Kronqvist \u00e4r politisk redakt\u00f6r och chef f\u00f6r Expressens ledarsida. L\u00e4s fler av hans texter <a href=\"https:\/\/www.expressen.se\/av\/patrik-kronqvist\/\" rel=\"nofollow noopener\" target=\"_blank\">h\u00e4r<\/a>.<\/p>\n<p><strong>L\u00c4S MER: <\/strong><a href=\"https:\/\/www.expressen.se\/ledare\/patrik-kronqvist\/skylten-avslojar-kremls-verkliga-avsikter\/\" class=\"\" rel=\"nofollow noopener\" target=\"_blank\">Skylten avsl\u00f6jar Kremls verkliga avsikter<\/a><\/p>\n","protected":false},"excerpt":{"rendered":"Patrik Kronqvist Publicerad 23 aug 2025 kl 07.00Uppdaterad kl 07.33 S-regeringen gav l\u00e5ngfingret \u00e5t grannarna. \u00c4ntligen har Sveriges&hellip;\n","protected":false},"author":2,"featured_media":11554,"comment_status":"","ping_status":"","sticky":false,"template":"","format":"standard","meta":{"footnotes":""},"categories":[14],"tags":[22,23,26,27,17,21,24,25,1598,1599,1600,28,29,15,16,1207,1601,530,18,34,1358,31,33,32,30,19,781,20,51,52,53,54],"class_list":{"0":"post-11553","1":"post","2":"type-post","3":"status-publish","4":"format-standard","5":"has-post-thumbnail","7":"category-varlden","8":"tag-breaking-news","9":"tag-breakingnews","10":"tag-featured-news","11":"tag-featurednews","12":"tag-headlines","13":"tag-huvudnyheter","14":"tag-latest-news","15":"tag-latestnews","16":"tag-location-estland","17":"tag-location-lettland","18":"tag-location-litauen","19":"tag-main-news","20":"tag-mainnews","21":"tag-news","22":"tag-nyheter","23":"tag-person-magdalena-andersson","24":"tag-person-stefan-lofven","25":"tag-person-ulf-kristersson","26":"tag-rubriker","27":"tag-se","28":"tag-sections-patrikkronqvist","29":"tag-svenska","30":"tag-sverige","31":"tag-sweden","32":"tag-swedish","33":"tag-top-stories","34":"tag-topic-utrikespolitik","35":"tag-topstories","36":"tag-varlden","37":"tag-world","38":"tag-world-news","39":"tag-worldnews"},"share_on_mastodon":{"url":"","error":""},"_links":{"self":[{"href":"https:\/\/www.europesays.com\/se\/wp-json\/wp\/v2\/posts\/11553","targetHints":{"allow":["GET"]}}],"collection":[{"href":"https:\/\/www.europesays.com\/se\/wp-json\/wp\/v2\/posts"}],"about":[{"href":"https:\/\/www.europesays.com\/se\/wp-json\/wp\/v2\/types\/post"}],"author":[{"embeddable":true,"href":"https:\/\/www.europesays.com\/se\/wp-json\/wp\/v2\/users\/2"}],"replies":[{"embeddable":true,"href":"https:\/\/www.europesays.com\/se\/wp-json\/wp\/v2\/comments?post=11553"}],"version-history":[{"count":0,"href":"https:\/\/www.europesays.com\/se\/wp-json\/wp\/v2\/posts\/11553\/revisions"}],"wp:featuredmedia":[{"embeddable":true,"href":"https:\/\/www.europesays.com\/se\/wp-json\/wp\/v2\/media\/11554"}],"wp:attachment":[{"href":"https:\/\/www.europesays.com\/se\/wp-json\/wp\/v2\/media?parent=11553"}],"wp:term":[{"taxonomy":"category","embeddable":true,"href":"https:\/\/www.europesays.com\/se\/wp-json\/wp\/v2\/categories?post=11553"},{"taxonomy":"post_tag","embeddable":true,"href":"https:\/\/www.europesays.com\/se\/wp-json\/wp\/v2\/tags?post=11553"}],"curies":[{"name":"wp","href":"https:\/\/api.w.org\/{rel}","templated":true}]}}