{"id":115540,"date":"2025-12-24T08:33:47","date_gmt":"2025-12-24T08:33:47","guid":{"rendered":"https:\/\/www.europesays.com\/se\/115540\/"},"modified":"2025-12-24T08:33:47","modified_gmt":"2025-12-24T08:33:47","slug":"trump-klokt-om-maduro-avgar","status":"publish","type":"post","link":"https:\/\/www.europesays.com\/se\/115540\/","title":{"rendered":"Trump: Klokt om Maduro avg\u00e5r"},"content":{"rendered":"<p>USA:s president Donald Trump tycker att det vore \u201dklokt\u201d av Venezuelas president Nicol\u00e1s Maduro att avg\u00e5. P\u00e5 en fr\u00e5ga om USA:s agerande \u00e4r utformat f\u00f6r att f\u00e5 Maduro att avg\u00e5 svarar Trump:<\/p>\n<p>\u2013 Det \u00e4r upp till honom, vad han vill g\u00f6ra. Jag tycker att det hade varit klokt av honom att g\u00f6ra det.<\/p>\n<p>Maduro s\u00e4ger \u00e5 sin sida att Trump skulle ha det b\u00e4ttre om han fokuserade p\u00e5 sitt eget lands ekonomiska och sociala fr\u00e5gor.<\/p>\n","protected":false},"excerpt":{"rendered":"USA:s president Donald Trump tycker att det vore \u201dklokt\u201d av Venezuelas president Nicol\u00e1s Maduro att avg\u00e5. P\u00e5 en&hellip;\n","protected":false},"author":2,"featured_media":115541,"comment_status":"","ping_status":"","sticky":false,"template":"","format":"standard","meta":{"footnotes":""},"categories":[14],"tags":[22,23,26,27,17,21,24,25,28,29,15,16,18,34,31,33,32,30,19,20,51,52,53,54],"class_list":{"0":"post-115540","1":"post","2":"type-post","3":"status-publish","4":"format-standard","5":"has-post-thumbnail","7":"category-varlden","8":"tag-breaking-news","9":"tag-breakingnews","10":"tag-featured-news","11":"tag-featurednews","12":"tag-headlines","13":"tag-huvudnyheter","14":"tag-latest-news","15":"tag-latestnews","16":"tag-main-news","17":"tag-mainnews","18":"tag-news","19":"tag-nyheter","20":"tag-rubriker","21":"tag-se","22":"tag-svenska","23":"tag-sverige","24":"tag-sweden","25":"tag-swedish","26":"tag-top-stories","27":"tag-topstories","28":"tag-varlden","29":"tag-world","30":"tag-world-news","31":"tag-worldnews"},"share_on_mastodon":{"url":"https:\/\/pubeurope.com\/@se\/115773627619731706","error":""},"_links":{"self":[{"href":"https:\/\/www.europesays.com\/se\/wp-json\/wp\/v2\/posts\/115540","targetHints":{"allow":["GET"]}}],"collection":[{"href":"https:\/\/www.europesays.com\/se\/wp-json\/wp\/v2\/posts"}],"about":[{"href":"https:\/\/www.europesays.com\/se\/wp-json\/wp\/v2\/types\/post"}],"author":[{"embeddable":true,"href":"https:\/\/www.europesays.com\/se\/wp-json\/wp\/v2\/users\/2"}],"replies":[{"embeddable":true,"href":"https:\/\/www.europesays.com\/se\/wp-json\/wp\/v2\/comments?post=115540"}],"version-history":[{"count":0,"href":"https:\/\/www.europesays.com\/se\/wp-json\/wp\/v2\/posts\/115540\/revisions"}],"wp:featuredmedia":[{"embeddable":true,"href":"https:\/\/www.europesays.com\/se\/wp-json\/wp\/v2\/media\/115541"}],"wp:attachment":[{"href":"https:\/\/www.europesays.com\/se\/wp-json\/wp\/v2\/media?parent=115540"}],"wp:term":[{"taxonomy":"category","embeddable":true,"href":"https:\/\/www.europesays.com\/se\/wp-json\/wp\/v2\/categories?post=115540"},{"taxonomy":"post_tag","embeddable":true,"href":"https:\/\/www.europesays.com\/se\/wp-json\/wp\/v2\/tags?post=115540"}],"curies":[{"name":"wp","href":"https:\/\/api.w.org\/{rel}","templated":true}]}}