{"id":115549,"date":"2025-12-24T08:50:35","date_gmt":"2025-12-24T08:50:35","guid":{"rendered":"https:\/\/www.europesays.com\/se\/115549\/"},"modified":"2025-12-24T08:50:35","modified_gmt":"2025-12-24T08:50:35","slug":"saneringen-av-kemtvattstomten-klar-lyckat-norra-skane","status":"publish","type":"post","link":"https:\/\/www.europesays.com\/se\/115549\/","title":{"rendered":"Saneringen av kemtv\u00e4ttstomten klar: \u201dLyckat\u201d \u2013 Norra Sk\u00e5ne"},"content":{"rendered":"<p>I v\u00e5ras tryckte kommunalr\u00e5den p\u00e5 en r\u00f6d knapp och satte i g\u00e5ng saneringen av den gamla kemtv\u00e4ttstomten p\u00e5 Nygatan.<\/p>\n<p>Nu \u00e4r det arbetet klart.<\/p>\n<p>\u2013 Det \u00e4r en lyckad behandling. Men helt rent blir det aldrig, s\u00e4ger Mathias J\u00f6nsson, kommunens projektledare.<\/p>\n<p><img loading=\"lazy\" decoding=\"async\" width=\"980\" height=\"551\" class=\"article-image article-image--featured\" alt=\"I maj tryckte kommunalr\u00e5den Joakim Karlsson (M) och Lena Wallentheim (S) symboliskt i g\u00e5ng saneringen.\" src=\"https:\/\/www.europesays.com\/se\/wp-content\/uploads\/2025\/12\/45ef947a-f8b3-4d5d-a5b2-59f559b0d908.jpeg\"  \/><a class=\"article__lightbox-link\" href=\"https:\/\/static.bonniernews.se\/ba\/45ef947a-f8b3-4d5d-a5b2-59f559b0d908.jpeg?crop=8256%2C4644%2Cx0%2Cy430&amp;width=1400&amp;format=pjpg&amp;auto=avif\" data-pswp-width=\"1400\" data-pswp-height=\"788\" data-pswp-caption=\"I maj tryckte kommunalr\u00e5den Joakim Karlsson (M) och Lena Wallentheim (S) symboliskt i g\u00e5ng saneringen. Bild: Sofia \u00c5str\u00f6m\" data-pswp- rel=\"nofollow noopener\" target=\"_blank\">\u00d6ppna bild i helsk\u00e4rmsl\u00e4ge<\/a><\/p>\n<p class=\"txt-style-muted\" aria-hidden=\"true\">I maj tryckte kommunalr\u00e5den Joakim Karlsson (M) och Lena Wallentheim (S) symboliskt i g\u00e5ng saneringen.<\/p>\n<p class=\"article__figcaption-attribution txt-style-muted\">Bild: Sofia \u00c5str\u00f6m<\/p>\n<p>I ett hus p\u00e5 Nygatan i H\u00e4ssleholm fanns mellan \u00e5r 1949 och 1980 en kemtv\u00e4tt. Under den perioden sl\u00e4pptes giftig tv\u00e4ttv\u00e4tska i form av klorerade l\u00f6sningsmedel ut i avloppet. F\u00f6roreningarna blev sedan kvar i marken och grundvattnet.<\/p>\n<p>Tekniskt fel<\/p>\n<p class=\"message__text txt-ui txt-ui-2\">V\u00e4nligen f\u00f6rs\u00f6k igen senare.<\/p>\n<p>Den h\u00e4r artikeln \u00e4r bara f\u00f6r prenumeranter<\/p>\n<p class=\"txt-body txt-body-1\">Om du redan \u00e4r prenumerant: logga in!<\/p>\n","protected":false},"excerpt":{"rendered":"I v\u00e5ras tryckte kommunalr\u00e5den p\u00e5 en r\u00f6d knapp och satte i g\u00e5ng saneringen av den gamla kemtv\u00e4ttstomten p\u00e5&hellip;\n","protected":false},"author":2,"featured_media":115550,"comment_status":"","ping_status":"","sticky":false,"template":"","format":"standard","meta":{"footnotes":""},"categories":[67],"tags":[104,34,31,33,32,30,105],"class_list":{"0":"post-115549","1":"post","2":"type-post","3":"status-publish","4":"format-standard","5":"has-post-thumbnail","7":"category-underhallning","8":"tag-entertainment","9":"tag-se","10":"tag-svenska","11":"tag-sverige","12":"tag-sweden","13":"tag-swedish","14":"tag-underhallning"},"share_on_mastodon":{"url":"https:\/\/pubeurope.com\/@se\/115773690958729191","error":""},"_links":{"self":[{"href":"https:\/\/www.europesays.com\/se\/wp-json\/wp\/v2\/posts\/115549","targetHints":{"allow":["GET"]}}],"collection":[{"href":"https:\/\/www.europesays.com\/se\/wp-json\/wp\/v2\/posts"}],"about":[{"href":"https:\/\/www.europesays.com\/se\/wp-json\/wp\/v2\/types\/post"}],"author":[{"embeddable":true,"href":"https:\/\/www.europesays.com\/se\/wp-json\/wp\/v2\/users\/2"}],"replies":[{"embeddable":true,"href":"https:\/\/www.europesays.com\/se\/wp-json\/wp\/v2\/comments?post=115549"}],"version-history":[{"count":0,"href":"https:\/\/www.europesays.com\/se\/wp-json\/wp\/v2\/posts\/115549\/revisions"}],"wp:featuredmedia":[{"embeddable":true,"href":"https:\/\/www.europesays.com\/se\/wp-json\/wp\/v2\/media\/115550"}],"wp:attachment":[{"href":"https:\/\/www.europesays.com\/se\/wp-json\/wp\/v2\/media?parent=115549"}],"wp:term":[{"taxonomy":"category","embeddable":true,"href":"https:\/\/www.europesays.com\/se\/wp-json\/wp\/v2\/categories?post=115549"},{"taxonomy":"post_tag","embeddable":true,"href":"https:\/\/www.europesays.com\/se\/wp-json\/wp\/v2\/tags?post=115549"}],"curies":[{"name":"wp","href":"https:\/\/api.w.org\/{rel}","templated":true}]}}