{"id":115551,"date":"2025-12-24T08:53:27","date_gmt":"2025-12-24T08:53:27","guid":{"rendered":"https:\/\/www.europesays.com\/se\/115551\/"},"modified":"2025-12-24T08:53:27","modified_gmt":"2025-12-24T08:53:27","slug":"skarpt-vapenlag-efter-massmorden-pa-bondi-beach","status":"publish","type":"post","link":"https:\/\/www.europesays.com\/se\/115551\/","title":{"rendered":"Sk\u00e4rpt vapenlag efter massmorden p\u00e5 Bondi Beach"},"content":{"rendered":"<p>Sk\u00e4rpningen sker efter det misst\u00e4nkta terrord\u00e5det p\u00e5 stranden Bondi Beach i Sydney d\u00e5 15 personer d\u00f6dades. Sk\u00e4rpningen av vapenlagarna r\u00f6stades igenom med \u201d18 ja-r\u00f6ster  och 8 nej-r\u00f6ster, d\u00e4rmed antas lagen&#8221;, sade Ben Cameron som \u00e4r talman i den lagstiftande f\u00f6rsamlingen i New South Wales.Lagf\u00f6rslaget ska formellt antas i delstatens underhus, vilket \u00e4r en ren formalit<\/p>\n","protected":false},"excerpt":{"rendered":"Sk\u00e4rpningen sker efter det misst\u00e4nkta terrord\u00e5det p\u00e5 stranden Bondi Beach i Sydney d\u00e5 15 personer d\u00f6dades. Sk\u00e4rpningen av&hellip;\n","protected":false},"author":2,"featured_media":115552,"comment_status":"","ping_status":"","sticky":false,"template":"","format":"standard","meta":{"footnotes":""},"categories":[14],"tags":[22,23,26,27,17,21,24,25,28,29,15,16,18,34,31,33,32,30,19,20,51,52,53,54],"class_list":{"0":"post-115551","1":"post","2":"type-post","3":"status-publish","4":"format-standard","5":"has-post-thumbnail","7":"category-varlden","8":"tag-breaking-news","9":"tag-breakingnews","10":"tag-featured-news","11":"tag-featurednews","12":"tag-headlines","13":"tag-huvudnyheter","14":"tag-latest-news","15":"tag-latestnews","16":"tag-main-news","17":"tag-mainnews","18":"tag-news","19":"tag-nyheter","20":"tag-rubriker","21":"tag-se","22":"tag-svenska","23":"tag-sverige","24":"tag-sweden","25":"tag-swedish","26":"tag-top-stories","27":"tag-topstories","28":"tag-varlden","29":"tag-world","30":"tag-world-news","31":"tag-worldnews"},"share_on_mastodon":{"url":"https:\/\/pubeurope.com\/@se\/115773702391893164","error":""},"_links":{"self":[{"href":"https:\/\/www.europesays.com\/se\/wp-json\/wp\/v2\/posts\/115551","targetHints":{"allow":["GET"]}}],"collection":[{"href":"https:\/\/www.europesays.com\/se\/wp-json\/wp\/v2\/posts"}],"about":[{"href":"https:\/\/www.europesays.com\/se\/wp-json\/wp\/v2\/types\/post"}],"author":[{"embeddable":true,"href":"https:\/\/www.europesays.com\/se\/wp-json\/wp\/v2\/users\/2"}],"replies":[{"embeddable":true,"href":"https:\/\/www.europesays.com\/se\/wp-json\/wp\/v2\/comments?post=115551"}],"version-history":[{"count":0,"href":"https:\/\/www.europesays.com\/se\/wp-json\/wp\/v2\/posts\/115551\/revisions"}],"wp:featuredmedia":[{"embeddable":true,"href":"https:\/\/www.europesays.com\/se\/wp-json\/wp\/v2\/media\/115552"}],"wp:attachment":[{"href":"https:\/\/www.europesays.com\/se\/wp-json\/wp\/v2\/media?parent=115551"}],"wp:term":[{"taxonomy":"category","embeddable":true,"href":"https:\/\/www.europesays.com\/se\/wp-json\/wp\/v2\/categories?post=115551"},{"taxonomy":"post_tag","embeddable":true,"href":"https:\/\/www.europesays.com\/se\/wp-json\/wp\/v2\/tags?post=115551"}],"curies":[{"name":"wp","href":"https:\/\/api.w.org\/{rel}","templated":true}]}}