{"id":115561,"date":"2025-12-24T09:15:21","date_gmt":"2025-12-24T09:15:21","guid":{"rendered":"https:\/\/www.europesays.com\/se\/115561\/"},"modified":"2025-12-24T09:15:21","modified_gmt":"2025-12-24T09:15:21","slug":"kronika-min-mamma-vill-fira-jul-med-min-exman-och-sa-blir-det","status":"publish","type":"post","link":"https:\/\/www.europesays.com\/se\/115561\/","title":{"rendered":"Kr\u00f6nika: Min mamma vill fira jul med min exman \u2013 och s\u00e5 blir det"},"content":{"rendered":"<p class=\"mb-4 mx-auto max-w-xl\"><strong>Filmen Tomten \u00e4r far till alla barnen (1999) \u00e4r ett sant f\u00f6red\u00f6me f\u00f6r hur den moderna familjen borde fira jul. Ja, minus all fylla och dramatik som uppst\u00e5r f\u00f6rst\u00e5s. <\/strong><\/p>\n<p class=\"break-words mb-4 mx-auto max-w-xl\">D\u00e4r samlar huvudpersonen Sara alla sina exm\u00e4n, deras nya respektive, sin nuvarande man, barn och bonusbarn och sin mamma. Filmen har n\u00e5gra \u00e5r p\u00e5 nacken nu, men \u00e4r ett s\u00e4kert kort till skratt och stor igenk\u00e4nning under julhelgen.<\/p>\n<p class=\"break-words mb-4 mx-auto max-w-xl\">Julen kan firas p\u00e5 s\u00e5 m\u00e5nga s\u00e4tt. Vissa firar ofrivilligt ensamma medan andra tvingas ihop med avl\u00e4gsna sl\u00e4ktingar de knappt t\u00e5l. Eller s\u00e5 \u00e4r det ett evigt pusslande med tider, barnveckor och knytkalas p\u00e5 turn\u00e9. I min v\u00e4nskara finns alla dessa varianter av stressniv\u00e5er och firanden.<\/p>\n<p class=\"break-words mb-4 mx-auto max-w-xl\">Sj\u00e4lv ska jag fira med mina f\u00f6r\u00e4ldrar, mina br\u00f6der, min son s\u00e5klart \u2013 och min exman. Bara f\u00f6r att man skiljer sig beh\u00f6ver det inte betyda att man slutar vara en familj. Min mamma s\u00e4ger fortfarande varje \u00e5r n\u00e4r det lackar mot jul: \u201dS\u00e4g till honom nu att han kommer p\u00e5 jul!\u201d. Det \u00e4r b\u00e5de en inbjudan och en order i ett. Oftast h\u00e4nger han p\u00e5 och s\u00e5 blir det ocks\u00e5 i \u00e5r.<\/p>\n<p class=\"break-words mb-4 mx-auto max-w-xl\">Nu drar jag inga liknelser i \u00f6vrigt med ovan n\u00e4mnda film, men det k\u00e4nns fint att vi \u00e4r d\u00e4r vi \u00e4r. Vi har inte alltid varit s\u00e5 glada p\u00e5 varandra, men vi \u00e4r v\u00e4ldigt glada nu och mest \u00f6ver v\u00e5r gemensamma son. V\u00e5r pojke som kommer att vinna julklappsligan i \u00e5r igen och \u00e4r meningen med allt.<\/p>\n<p class=\"break-words mb-4 mx-auto max-w-xl\">God jul \u00f6nskar jag er alla l\u00e4sare, hur ni \u00e4n firar eller inte i dag. Allt \u00e4r okej och jag hoppas ni f\u00e5r en stund av julefrid om ni s\u00e5 \u00e4r ensamma eller med andra. <\/p>\n","protected":false},"excerpt":{"rendered":"Filmen Tomten \u00e4r far till alla barnen (1999) \u00e4r ett sant f\u00f6red\u00f6me f\u00f6r hur den moderna familjen borde&hellip;\n","protected":false},"author":2,"featured_media":115562,"comment_status":"","ping_status":"","sticky":false,"template":"","format":"standard","meta":{"footnotes":""},"categories":[67],"tags":[104,34,31,33,32,30,105],"class_list":{"0":"post-115561","1":"post","2":"type-post","3":"status-publish","4":"format-standard","5":"has-post-thumbnail","7":"category-underhallning","8":"tag-entertainment","9":"tag-se","10":"tag-svenska","11":"tag-sverige","12":"tag-sweden","13":"tag-swedish","14":"tag-underhallning"},"share_on_mastodon":{"url":"https:\/\/pubeurope.com\/@se\/115773788900169522","error":""},"_links":{"self":[{"href":"https:\/\/www.europesays.com\/se\/wp-json\/wp\/v2\/posts\/115561","targetHints":{"allow":["GET"]}}],"collection":[{"href":"https:\/\/www.europesays.com\/se\/wp-json\/wp\/v2\/posts"}],"about":[{"href":"https:\/\/www.europesays.com\/se\/wp-json\/wp\/v2\/types\/post"}],"author":[{"embeddable":true,"href":"https:\/\/www.europesays.com\/se\/wp-json\/wp\/v2\/users\/2"}],"replies":[{"embeddable":true,"href":"https:\/\/www.europesays.com\/se\/wp-json\/wp\/v2\/comments?post=115561"}],"version-history":[{"count":0,"href":"https:\/\/www.europesays.com\/se\/wp-json\/wp\/v2\/posts\/115561\/revisions"}],"wp:featuredmedia":[{"embeddable":true,"href":"https:\/\/www.europesays.com\/se\/wp-json\/wp\/v2\/media\/115562"}],"wp:attachment":[{"href":"https:\/\/www.europesays.com\/se\/wp-json\/wp\/v2\/media?parent=115561"}],"wp:term":[{"taxonomy":"category","embeddable":true,"href":"https:\/\/www.europesays.com\/se\/wp-json\/wp\/v2\/categories?post=115561"},{"taxonomy":"post_tag","embeddable":true,"href":"https:\/\/www.europesays.com\/se\/wp-json\/wp\/v2\/tags?post=115561"}],"curies":[{"name":"wp","href":"https:\/\/api.w.org\/{rel}","templated":true}]}}