{"id":115565,"date":"2025-12-24T09:23:13","date_gmt":"2025-12-24T09:23:13","guid":{"rendered":"https:\/\/www.europesays.com\/se\/115565\/"},"modified":"2025-12-24T09:23:13","modified_gmt":"2025-12-24T09:23:13","slug":"ovantade-aterkomsten-i-avengers-doomsday-expressen","status":"publish","type":"post","link":"https:\/\/www.europesays.com\/se\/115565\/","title":{"rendered":"Ov\u00e4ntade \u00e5terkomsten i \u201dAvengers: Doomsday\u201d &#8211; Expressen"},"content":{"rendered":"<ol>\n<li><a href=\"https:\/\/news.google.com\/rss\/articles\/CBMif0FVX3lxTE9tMmF4TTJkcXAzamUxcTdmeUhOU01waHVGNlFxTHpNa19WV0tXYWtQRTR5U054RXV4TkdEX2ptNnZiWlFhakxxZEYzTHlVMk1VV0hwZnFqM3BDUFB5X3RBanJmRVMzVmJSMmlTNUhHOXNveXFvaWlPY1RaRTRDVDA?oc=5\" target=\"_blank\" rel=\"nofollow noopener\">Ov\u00e4ntade \u00e5terkomsten i \u201dAvengers: Doomsday\u201d<\/a>&nbsp;&nbsp;Expressen<\/li>\n<li><a href=\"https:\/\/news.google.com\/rss\/articles\/CBMifkFVX3lxTFAtTGdBb1BYY3Ywc1RvSk54OTRlVnA2ZWxPUm5GdWxlbkpYWGdsMmhrYTJjWlF1OUdleVlJckVUNDAtRDg5bWE0ZURBc0M3V19UQ3dFOTY4SGdVOTBBcEdvd2tOYzBTR1RLRW4tLVJuWWhiaDhXUnZmSHdwQkZEdw?oc=5\" target=\"_blank\" rel=\"nofollow noopener\">H\u00e4r \u00e4r f\u00f6rsta teasern f\u00f6r Avengers: Doomsday. Har premi\u00e4r om ett \u00e5r.<\/a>&nbsp;&nbsp;feber.se<\/li>\n<li><a href=\"https:\/\/news.google.com\/rss\/articles\/CBMingFBVV95cUxPM0ZrNlpUaDVyTy1EeDZWWW00Z05YWjk3Wkt5TlNFSEMwVHhzUUNSemlrdXRTUVFTdGZoVWV5U2NiRVU4aHBBaTV0UV96Yy1UNkFLVkRUVTVQNVhUUHhucmRPdlZqRTRCOGg5ZUFJVVVHSlI1aHJsNGNhQktZc1c4aXRfMHdwOGVjelRSX09FNndFYXR4V0NRRjhLYWF4UQ?oc=5\" target=\"_blank\" rel=\"nofollow noopener\">\u00c4nnu en \u201dDoomsday\u201d-trailer har l\u00e4ckt online \u2013 MCU-veteran \u00e5terv\u00e4nder!<\/a>&nbsp;&nbsp;MovieZine.se<\/li>\n<li><a href=\"https:\/\/news.google.com\/rss\/articles\/CBMilwFBVV95cUxQR3IzcGdIaXBtTGkxS1pZN3pUT05Ld2xGWV8xR1FsdjhLY3Y4dHhDTEp6a3c4XzR4LU9uaHJlM21BcUpERXM2SXJpUWkxZXlsOXNBek15T0xwR25RNklJejdsUFVuY2ZoREpRVFNsWHdsT01QZVJBOUNtSjc3ZTBYbUhXYmtLNDBWb0doaGtFWVUzZnBrMkww?oc=5\" target=\"_blank\" rel=\"nofollow noopener\">Avengers: Doomsday visar upp sig i en allra f\u00f6rsta teaser<\/a>&nbsp;&nbsp;Gamereactor<\/li>\n<li><a href=\"https:\/\/news.google.com\/rss\/articles\/CBMibkFVX3lxTE5tYWhjck9xbFAwMjVKdVFJektoVGhOdkF0a3lGR2EtUWNwWkxTa0Z3emdGUVNBQkg2OGI3X1lWSmRLamN5Zzc3SWdidXNmSWZKdkRiQ21FMjMyaDNkYnJXcWt1WUE2Y0lzVVNsWDhn?oc=5\" target=\"_blank\" rel=\"nofollow noopener\">Teasern till \u201dAvengers: Doomsday\u201d \u00e4r h\u00e4r!<\/a>&nbsp;&nbsp;Teknikveckan<\/li>\n<\/ol>\n","protected":false},"excerpt":{"rendered":"Ov\u00e4ntade \u00e5terkomsten i \u201dAvengers: Doomsday\u201d&nbsp;&nbsp;Expressen H\u00e4r \u00e4r f\u00f6rsta teasern f\u00f6r Avengers: Doomsday. Har premi\u00e4r om ett \u00e5r.&nbsp;&nbsp;feber.se \u00c4nnu&hellip;\n","protected":false},"author":2,"featured_media":319,"comment_status":"","ping_status":"","sticky":false,"template":"","format":"standard","meta":{"footnotes":""},"categories":[67],"tags":[104,12494,34,12493,31,33,32,30,105],"class_list":{"0":"post-115565","1":"post","2":"type-post","3":"status-publish","4":"format-standard","5":"has-post-thumbnail","7":"category-underhallning","8":"tag-entertainment","9":"tag-organization-marvel-cinematic-universe","10":"tag-se","11":"tag-sections-noje","12":"tag-svenska","13":"tag-sverige","14":"tag-sweden","15":"tag-swedish","16":"tag-underhallning"},"share_on_mastodon":{"url":"https:\/\/pubeurope.com\/@se\/115773820309535051","error":""},"_links":{"self":[{"href":"https:\/\/www.europesays.com\/se\/wp-json\/wp\/v2\/posts\/115565","targetHints":{"allow":["GET"]}}],"collection":[{"href":"https:\/\/www.europesays.com\/se\/wp-json\/wp\/v2\/posts"}],"about":[{"href":"https:\/\/www.europesays.com\/se\/wp-json\/wp\/v2\/types\/post"}],"author":[{"embeddable":true,"href":"https:\/\/www.europesays.com\/se\/wp-json\/wp\/v2\/users\/2"}],"replies":[{"embeddable":true,"href":"https:\/\/www.europesays.com\/se\/wp-json\/wp\/v2\/comments?post=115565"}],"version-history":[{"count":0,"href":"https:\/\/www.europesays.com\/se\/wp-json\/wp\/v2\/posts\/115565\/revisions"}],"wp:featuredmedia":[{"embeddable":true,"href":"https:\/\/www.europesays.com\/se\/wp-json\/wp\/v2\/media\/319"}],"wp:attachment":[{"href":"https:\/\/www.europesays.com\/se\/wp-json\/wp\/v2\/media?parent=115565"}],"wp:term":[{"taxonomy":"category","embeddable":true,"href":"https:\/\/www.europesays.com\/se\/wp-json\/wp\/v2\/categories?post=115565"},{"taxonomy":"post_tag","embeddable":true,"href":"https:\/\/www.europesays.com\/se\/wp-json\/wp\/v2\/tags?post=115565"}],"curies":[{"name":"wp","href":"https:\/\/api.w.org\/{rel}","templated":true}]}}