{"id":115568,"date":"2025-12-24T09:35:10","date_gmt":"2025-12-24T09:35:10","guid":{"rendered":"https:\/\/www.europesays.com\/se\/115568\/"},"modified":"2025-12-24T09:35:10","modified_gmt":"2025-12-24T09:35:10","slug":"flera-barn-doda-i-bussolycka-i-kina","status":"publish","type":"post","link":"https:\/\/www.europesays.com\/se\/115568\/","title":{"rendered":"Flera barn d\u00f6da i bussolycka i Kina"},"content":{"rendered":"<p class=\"sc-c25743f0-0 sc-e37c0145-2 hObFds DQgPn\"><strong>\u00c5tta personer, varav flera barn, har omkommit i en bilolycka i syd\u00f6stra Kina. En f\u00f6rskolebuss k\u00f6rde av v\u00e4gen och ner i en damm, rapporterar statliga kinesiska medier.<\/strong><\/p>\n<p class=\"sc-c25743f0-0 sc-e37c0145-2 hObFds DQgPn\">Olyckan intr\u00e4ffade i Pengze i syd\u00f6stra Kina, i ett lantligt omr\u00e5de med m\u00e5nga sm\u00e5 vattendrag och b\u00e4ckar. Enligt uppgifter var v\u00e4garna hala efter flera dagars regn. Minibussen anv\u00e4ndes f\u00f6r att transportera sm\u00e5 barn till en f\u00f6rskola i omr\u00e5det. <\/p>\n<p class=\"sc-c25743f0-0 sc-e37c0145-2 hObFds DQgPn\">I absoluta tal \u00e4r trafiken i Kina v\u00e4rldens farligaste, med ungef\u00e4r 250\u00a0000 d\u00f6dsfall i trafikolyckor \u00e5rligen \u2013 n\u00e4stan 700 d\u00f6da varje dag \u2013 enligt v\u00e4rldsh\u00e4lsoorganisationen WHO:s sammanst\u00e4llning. <\/p>\n","protected":false},"excerpt":{"rendered":"\u00c5tta personer, varav flera barn, har omkommit i en bilolycka i syd\u00f6stra Kina. En f\u00f6rskolebuss k\u00f6rde av v\u00e4gen&hellip;\n","protected":false},"author":2,"featured_media":77179,"comment_status":"","ping_status":"","sticky":false,"template":"","format":"standard","meta":{"footnotes":""},"categories":[14],"tags":[22,23,26,27,17,21,24,25,28,29,15,16,18,34,31,33,32,30,19,20,51,52,53,54],"class_list":{"0":"post-115568","1":"post","2":"type-post","3":"status-publish","4":"format-standard","5":"has-post-thumbnail","7":"category-varlden","8":"tag-breaking-news","9":"tag-breakingnews","10":"tag-featured-news","11":"tag-featurednews","12":"tag-headlines","13":"tag-huvudnyheter","14":"tag-latest-news","15":"tag-latestnews","16":"tag-main-news","17":"tag-mainnews","18":"tag-news","19":"tag-nyheter","20":"tag-rubriker","21":"tag-se","22":"tag-svenska","23":"tag-sverige","24":"tag-sweden","25":"tag-swedish","26":"tag-top-stories","27":"tag-topstories","28":"tag-varlden","29":"tag-world","30":"tag-world-news","31":"tag-worldnews"},"share_on_mastodon":{"url":"https:\/\/pubeurope.com\/@se\/115773867516961262","error":""},"_links":{"self":[{"href":"https:\/\/www.europesays.com\/se\/wp-json\/wp\/v2\/posts\/115568","targetHints":{"allow":["GET"]}}],"collection":[{"href":"https:\/\/www.europesays.com\/se\/wp-json\/wp\/v2\/posts"}],"about":[{"href":"https:\/\/www.europesays.com\/se\/wp-json\/wp\/v2\/types\/post"}],"author":[{"embeddable":true,"href":"https:\/\/www.europesays.com\/se\/wp-json\/wp\/v2\/users\/2"}],"replies":[{"embeddable":true,"href":"https:\/\/www.europesays.com\/se\/wp-json\/wp\/v2\/comments?post=115568"}],"version-history":[{"count":0,"href":"https:\/\/www.europesays.com\/se\/wp-json\/wp\/v2\/posts\/115568\/revisions"}],"wp:featuredmedia":[{"embeddable":true,"href":"https:\/\/www.europesays.com\/se\/wp-json\/wp\/v2\/media\/77179"}],"wp:attachment":[{"href":"https:\/\/www.europesays.com\/se\/wp-json\/wp\/v2\/media?parent=115568"}],"wp:term":[{"taxonomy":"category","embeddable":true,"href":"https:\/\/www.europesays.com\/se\/wp-json\/wp\/v2\/categories?post=115568"},{"taxonomy":"post_tag","embeddable":true,"href":"https:\/\/www.europesays.com\/se\/wp-json\/wp\/v2\/tags?post=115568"}],"curies":[{"name":"wp","href":"https:\/\/api.w.org\/{rel}","templated":true}]}}