{"id":115580,"date":"2025-12-24T09:51:11","date_gmt":"2025-12-24T09:51:11","guid":{"rendered":"https:\/\/www.europesays.com\/se\/115580\/"},"modified":"2025-12-24T09:51:11","modified_gmt":"2025-12-24T09:51:11","slug":"direkt-kriget-i-ukraina-tva-poliser-dodade-i-explosion-i-moskva","status":"publish","type":"post","link":"https:\/\/www.europesays.com\/se\/115580\/","title":{"rendered":"Direkt \u2013 Kriget i Ukraina \u2013 Tv\u00e5 poliser d\u00f6dade i explosion i Moskva"},"content":{"rendered":"<p>I g\u00e5r 09:23Uppdaterad I g\u00e5r 09:38<\/p>\n<p>Dela<img decoding=\"async\" class=\"picture__img\" src=\"https:\/\/www.europesays.com\/se\/wp-content\/uploads\/2025\/12\/303c97d5-91db-402c-ab9a-11b0d30909e6.jpeg\" loading=\"lazy\"   alt=\"\" aria-hidden=\"true\"\/><\/p>\n<p>Foto: Ukrainska r\u00e4ddningstj\u00e4nsten<\/p>\n<p>\u00d6ver 600 dr\u00f6nare avfyrades mot Ukraina fr\u00e5n Ryssland under natten, uppger Ukrainas premi\u00e4rminister Yulia Svyrydenko p\u00e5 Telegram.<\/p>\n<p>\u201dDetta var en avsiktlig och cynisk rysk attack under julen. I en tid d\u00e5 m\u00e4nniskor f\u00f6rbereder sig f\u00f6r helgen f\u00f6rs\u00f6kte fienden l\u00e4mna ukrainska familjer utan ljus, v\u00e4rme och en k\u00e4nsla av trygghet,\u201d skriver hon p\u00e5 sin kanal.<\/p>\n<p>Minst tre personer har d\u00f6tt i attackerna, d\u00e4ribland ett fyra\u00e5rigt barn, uppger Reuters.<\/p>\n<p>Fr\u00e4mst tr\u00e4ffades energianl\u00e4ggningar och str\u00f6mavbrott r\u00e5der i omr\u00e5den \u00f6ver hela Ukraina, skriver Kyiv Post.<\/p>\n<p>Den v\u00e4stra delen av Ukraina drabbades h\u00e5rdast av attackerna.<\/p>\n","protected":false},"excerpt":{"rendered":"I g\u00e5r 09:23Uppdaterad I g\u00e5r 09:38 Dela Foto: Ukrainska r\u00e4ddningstj\u00e4nsten \u00d6ver 600 dr\u00f6nare avfyrades mot Ukraina fr\u00e5n Ryssland&hellip;\n","protected":false},"author":2,"featured_media":115581,"comment_status":"","ping_status":"","sticky":false,"template":"","format":"standard","meta":{"footnotes":""},"categories":[14],"tags":[22,23,26,27,17,21,24,25,28,29,15,16,18,34,31,33,32,30,19,20,51,52,53,54],"class_list":{"0":"post-115580","1":"post","2":"type-post","3":"status-publish","4":"format-standard","5":"has-post-thumbnail","7":"category-varlden","8":"tag-breaking-news","9":"tag-breakingnews","10":"tag-featured-news","11":"tag-featurednews","12":"tag-headlines","13":"tag-huvudnyheter","14":"tag-latest-news","15":"tag-latestnews","16":"tag-main-news","17":"tag-mainnews","18":"tag-news","19":"tag-nyheter","20":"tag-rubriker","21":"tag-se","22":"tag-svenska","23":"tag-sverige","24":"tag-sweden","25":"tag-swedish","26":"tag-top-stories","27":"tag-topstories","28":"tag-varlden","29":"tag-world","30":"tag-world-news","31":"tag-worldnews"},"share_on_mastodon":{"url":"https:\/\/pubeurope.com\/@se\/115773930618184338","error":""},"_links":{"self":[{"href":"https:\/\/www.europesays.com\/se\/wp-json\/wp\/v2\/posts\/115580","targetHints":{"allow":["GET"]}}],"collection":[{"href":"https:\/\/www.europesays.com\/se\/wp-json\/wp\/v2\/posts"}],"about":[{"href":"https:\/\/www.europesays.com\/se\/wp-json\/wp\/v2\/types\/post"}],"author":[{"embeddable":true,"href":"https:\/\/www.europesays.com\/se\/wp-json\/wp\/v2\/users\/2"}],"replies":[{"embeddable":true,"href":"https:\/\/www.europesays.com\/se\/wp-json\/wp\/v2\/comments?post=115580"}],"version-history":[{"count":0,"href":"https:\/\/www.europesays.com\/se\/wp-json\/wp\/v2\/posts\/115580\/revisions"}],"wp:featuredmedia":[{"embeddable":true,"href":"https:\/\/www.europesays.com\/se\/wp-json\/wp\/v2\/media\/115581"}],"wp:attachment":[{"href":"https:\/\/www.europesays.com\/se\/wp-json\/wp\/v2\/media?parent=115580"}],"wp:term":[{"taxonomy":"category","embeddable":true,"href":"https:\/\/www.europesays.com\/se\/wp-json\/wp\/v2\/categories?post=115580"},{"taxonomy":"post_tag","embeddable":true,"href":"https:\/\/www.europesays.com\/se\/wp-json\/wp\/v2\/tags?post=115580"}],"curies":[{"name":"wp","href":"https:\/\/api.w.org\/{rel}","templated":true}]}}