{"id":115590,"date":"2025-12-24T10:12:12","date_gmt":"2025-12-24T10:12:12","guid":{"rendered":"https:\/\/www.europesays.com\/se\/115590\/"},"modified":"2025-12-24T10:12:12","modified_gmt":"2025-12-24T10:12:12","slug":"ryssland-vill-ha-karnkraft-pa-manen-senast-2036","status":"publish","type":"post","link":"https:\/\/www.europesays.com\/se\/115590\/","title":{"rendered":"Ryssland vill ha k\u00e4rnkraft p\u00e5 m\u00e5nen senast 2036"},"content":{"rendered":"<p>Ryssland planerar f\u00f6r att ha ett k\u00e4rnkraftverk p\u00e5 plats p\u00e5 m\u00e5nen senast 2036. Det uppger det ryska statliga rymdbolaget Roscosmos i ett uttalande, enligt Reuters. Tanken \u00e4r att det ryska k\u00e4rnkraftverket ska kunna f\u00f6rs\u00f6rja det ryska m\u00e5nprogrammet och en gemensam rysk-kinesisk forskningsstation med elektricitet. <\/p>\n<p>Rysslands ambitioner g\u00e5r i princip i linje med flera andra l\u00e4nders planer p\u00e5 kraftstationer p\u00e5 m\u00e5nen som i framtiden ska kunna f\u00f6rs\u00f6rja rymdexpeditioner med el. <\/p>\n<p>Omni \u00e4r politiskt obundna och oberoende. Vi str\u00e4var efter att ge fler perspektiv p\u00e5 nyheterna. Har du fr\u00e5gor eller synpunkter kring v\u00e5r rapportering? <a href=\"https:\/\/omni.se\/ryssland-vill-ha-karnkraft-pa-manen-senast-2036\/a\/mailto:redaktion@omni.se\" class=\"ArticleActions_contactLink__W2F1M\" rel=\"nofollow noopener\" target=\"_blank\">Kontakta redaktionen<\/a><\/p>\n","protected":false},"excerpt":{"rendered":"Ryssland planerar f\u00f6r att ha ett k\u00e4rnkraftverk p\u00e5 plats p\u00e5 m\u00e5nen senast 2036. Det uppger det ryska statliga&hellip;\n","protected":false},"author":2,"featured_media":115591,"comment_status":"","ping_status":"","sticky":false,"template":"","format":"standard","meta":{"footnotes":""},"categories":[14],"tags":[22,23,267,26,27,17,21,24,25,28,29,15,16,18,370,264,34,31,33,32,30,19,20,51,52,53,54],"class_list":{"0":"post-115590","1":"post","2":"type-post","3":"status-publish","4":"format-standard","5":"has-post-thumbnail","7":"category-varlden","8":"tag-breaking-news","9":"tag-breakingnews","10":"tag-europa","11":"tag-featured-news","12":"tag-featurednews","13":"tag-headlines","14":"tag-huvudnyheter","15":"tag-latest-news","16":"tag-latestnews","17":"tag-main-news","18":"tag-mainnews","19":"tag-news","20":"tag-nyheter","21":"tag-rubriker","22":"tag-rymden","23":"tag-ryssland","24":"tag-se","25":"tag-svenska","26":"tag-sverige","27":"tag-sweden","28":"tag-swedish","29":"tag-top-stories","30":"tag-topstories","31":"tag-varlden","32":"tag-world","33":"tag-world-news","34":"tag-worldnews"},"share_on_mastodon":{"url":"https:\/\/pubeurope.com\/@se\/115774012960492863","error":""},"_links":{"self":[{"href":"https:\/\/www.europesays.com\/se\/wp-json\/wp\/v2\/posts\/115590","targetHints":{"allow":["GET"]}}],"collection":[{"href":"https:\/\/www.europesays.com\/se\/wp-json\/wp\/v2\/posts"}],"about":[{"href":"https:\/\/www.europesays.com\/se\/wp-json\/wp\/v2\/types\/post"}],"author":[{"embeddable":true,"href":"https:\/\/www.europesays.com\/se\/wp-json\/wp\/v2\/users\/2"}],"replies":[{"embeddable":true,"href":"https:\/\/www.europesays.com\/se\/wp-json\/wp\/v2\/comments?post=115590"}],"version-history":[{"count":0,"href":"https:\/\/www.europesays.com\/se\/wp-json\/wp\/v2\/posts\/115590\/revisions"}],"wp:featuredmedia":[{"embeddable":true,"href":"https:\/\/www.europesays.com\/se\/wp-json\/wp\/v2\/media\/115591"}],"wp:attachment":[{"href":"https:\/\/www.europesays.com\/se\/wp-json\/wp\/v2\/media?parent=115590"}],"wp:term":[{"taxonomy":"category","embeddable":true,"href":"https:\/\/www.europesays.com\/se\/wp-json\/wp\/v2\/categories?post=115590"},{"taxonomy":"post_tag","embeddable":true,"href":"https:\/\/www.europesays.com\/se\/wp-json\/wp\/v2\/tags?post=115590"}],"curies":[{"name":"wp","href":"https:\/\/api.w.org\/{rel}","templated":true}]}}