{"id":115594,"date":"2025-12-24T10:21:07","date_gmt":"2025-12-24T10:21:07","guid":{"rendered":"https:\/\/www.europesays.com\/se\/115594\/"},"modified":"2025-12-24T10:21:07","modified_gmt":"2025-12-24T10:21:07","slug":"leo-xiv-24-timmars-fred-over-hela-varlden-under-julen","status":"publish","type":"post","link":"https:\/\/www.europesays.com\/se\/115594\/","title":{"rendered":"Leo XIV: 24 timmars fred \u00f6ver hela v\u00e4rlden under julen"},"content":{"rendered":"<p>I Castel Gandolfo svarar p\u00e5ven p\u00e5 journalisternas fr\u00e5gor utanf\u00f6r Villa Barberini. N\u00e4r det g\u00e4ller Ukraina uttrycker han sin sorg \u00f6ver Rysslands v\u00e4gran att g\u00e5 med p\u00e5 en vapenvila under julen och upprepar sin uppmaning att respektera 24 timmars fred. Han p\u00e5minner sedan om kardinal Pizzaballas bes\u00f6k i Gaza och hoppas att avtalet om eldupph\u00f6r h\u00e5ller. P\u00e5ven s\u00e4ger sig ocks\u00e5 vara mycket besviken \u00f6ver godk\u00e4nnandet av en lag om assisterat sj\u00e4lvmord i Illinois.<\/p>\n<p><b>Vatican News<\/b><\/p>\n<p>\u201dJag uppmanar \u00e4n en g\u00e5ng alla m\u00e4nniskor av god vilja att \u00e5tminstone p\u00e5 dagen f\u00f6r Fr\u00e4lsarens f\u00f6delse respektera en dag av fred\u201d. Detta \u00e4r p\u00e5ven Leo XIV:s uppmaning inf\u00f6r julhelgen som han framf\u00f6rde p\u00e5 kv\u00e4llen den 23 december i Castel Gandolfo.<\/p>\n<p>Som varje vecka tillbringade p\u00e5ven sin vilodag och arbetade h\u00e4r. Folkmassorna, som trots det h\u00e4llande regnet tr\u00e4ngdes p\u00e5 gatorna, sj\u00f6ng Feliz Navidad och andra juls\u00e5nger, musiken fr\u00e5n Castel Gandolfos bl\u00e5sorkester v\u00e4lkomnade honom n\u00e4r han l\u00e4mnade Villa Barberini, tillsammans med pr\u00e4sten Tadeusz Rozmus fr\u00e5n den p\u00e5vliga f\u00f6rsamlingen San Tommaso da Villanova, som framf\u00f6rde lyck\u00f6nskningar till p\u00e5ven \u00e5 allas v\u00e4gnar och \u00f6verl\u00e4mnade en korg med lokala specialiteter som g\u00e5va.<\/p>\n<p>En dag av fred \u00f6ver hela v\u00e4rlden <\/p>\n<p>Som vanligt stannade Leo XIV upp inf\u00f6r en grupp journalister fr\u00e5n olika tidningar f\u00f6r att svara p\u00e5 deras fr\u00e5gor. Mellan\u00f6stern och Ukraina var n\u00e5gra av de \u00e4mnen som togs upp. Om Ukraina, d\u00e4r massiva ryska attacker har drabbat flera regioner under de senaste timmarna, sade p\u00e5ven Leo: \u201dN\u00e5got som verkligen g\u00f6r mig mycket ledsen nu \u00e4r att Ryssland uppenbarligen har avvisat beg\u00e4ran om en vapenvila under julen\u201d. P\u00e5ven upprepade d\u00e4rf\u00f6r sin uppmaning att respektera julen som en tid f\u00f6r vapenvila: \u201dKanske lyssnar de p\u00e5 oss och vi f\u00e5r 24 timmar, en dag av fred \u00f6ver hela v\u00e4rlden\u201d.<\/p>\n<blockquote>\n<p>\u201cJag uppmanar \u00e4n en g\u00e5ng alla m\u00e4nniskor av god vilja att \u00e5tminstone p\u00e5 dagen f\u00f6r Fr\u00e4lsarens f\u00f6delse respektera en dag av fred\u201d<\/p>\n<\/blockquote>\n<p>Fram\u00e5t med fredsavtalet i Mellan\u00f6stern <\/p>\n<p>Med blicken f\u00e4st p\u00e5 Mellan\u00f6stern, d\u00e4r man diskuterar fas 2 av vapenvilan, p\u00e5minde p\u00e5ven om det \u201dunderbara bes\u00f6k\u201d som kardinal Pierbattista Pizzaballa, latinsk patriark av Jerusalem, gjort i Gaza under de senaste dagarna. \u201dF\u00f6r en timme sedan hade jag kontakt med kyrkoherden\u201d, i den Heliga familjens f\u00f6rsamling i Gaza City fr. Gabriel Romanelli. \u201dDe f\u00f6rs\u00f6ker fira en h\u00f6gtid mitt i en fortsatt mycket os\u00e4ker situation. Vi hoppas\u201d, tillade Leone, \u201datt fredsavtalet h\u00e5ller i sig\u201d.<\/p>\n<p>Besvikelse \u00f6ver lagen om assisterat sj\u00e4lvmord i Illinois <\/p>\n<p>Vad g\u00e4ller USA, kommenterade p\u00e5ven den nyligen antagna lagen i hans hemstat Illinois, som fr\u00e5n och med september 2026 till\u00e5ter assisterat sj\u00e4lvmord f\u00f6r vuxna med obotliga sjukdomar och en prognos p\u00e5 sex m\u00e5nader eller mindre. Leo XIV f\u00f6rklarade att han \u201dmycket uttryckligt\u201d redan hade tagit upp fr\u00e5gan med guvern\u00f6r JB Pritzker under audiens i Vatikanen i november: \u201dVid den tidpunkten l\u00e5g lagf\u00f6rslaget redan p\u00e5 hans skrivbord\u201d.<\/p>\n<p>\u201dVi var mycket tydliga med att livets helighet m\u00e5ste respekteras, fr\u00e5n b\u00f6rjan till slut. Och tyv\u00e4rr beslutade han av olika sk\u00e4l att underteckna det lagf\u00f6rslaget. Jag \u00e4r mycket besviken \u00f6ver detta\u201d, betonade p\u00e5ven, som sedan uppmanade \u201dalla, s\u00e4rskilt under denna jul, att reflektera \u00f6ver m\u00e4nniskolivets natur, \u00f6ver m\u00e4nniskolivets v\u00e4rde. Gud blev m\u00e4nniska som vi f\u00f6r att visa oss vad det verkligen inneb\u00e4r att leva ett m\u00e4nskligt liv\u201d. P\u00e5vens f\u00f6rhoppning och b\u00f6n \u00e4r att \u201drespekt f\u00f6r livet \u00e5terigen ska v\u00e4xa i alla skeden av det m\u00e4nskliga livet, fr\u00e5n befruktningen till den naturliga d\u00f6den\u201d.<\/p>\n","protected":false},"excerpt":{"rendered":"I Castel Gandolfo svarar p\u00e5ven p\u00e5 journalisternas fr\u00e5gor utanf\u00f6r Villa Barberini. N\u00e4r det g\u00e4ller Ukraina uttrycker han sin&hellip;\n","protected":false},"author":2,"featured_media":115595,"comment_status":"","ping_status":"","sticky":false,"template":"","format":"standard","meta":{"footnotes":""},"categories":[14],"tags":[22,23,26,27,17,21,24,25,28,29,15,16,18,34,31,33,32,30,19,20,51,52,53,54],"class_list":{"0":"post-115594","1":"post","2":"type-post","3":"status-publish","4":"format-standard","5":"has-post-thumbnail","7":"category-varlden","8":"tag-breaking-news","9":"tag-breakingnews","10":"tag-featured-news","11":"tag-featurednews","12":"tag-headlines","13":"tag-huvudnyheter","14":"tag-latest-news","15":"tag-latestnews","16":"tag-main-news","17":"tag-mainnews","18":"tag-news","19":"tag-nyheter","20":"tag-rubriker","21":"tag-se","22":"tag-svenska","23":"tag-sverige","24":"tag-sweden","25":"tag-swedish","26":"tag-top-stories","27":"tag-topstories","28":"tag-varlden","29":"tag-world","30":"tag-world-news","31":"tag-worldnews"},"share_on_mastodon":{"url":"https:\/\/pubeurope.com\/@se\/115774048414746704","error":""},"_links":{"self":[{"href":"https:\/\/www.europesays.com\/se\/wp-json\/wp\/v2\/posts\/115594","targetHints":{"allow":["GET"]}}],"collection":[{"href":"https:\/\/www.europesays.com\/se\/wp-json\/wp\/v2\/posts"}],"about":[{"href":"https:\/\/www.europesays.com\/se\/wp-json\/wp\/v2\/types\/post"}],"author":[{"embeddable":true,"href":"https:\/\/www.europesays.com\/se\/wp-json\/wp\/v2\/users\/2"}],"replies":[{"embeddable":true,"href":"https:\/\/www.europesays.com\/se\/wp-json\/wp\/v2\/comments?post=115594"}],"version-history":[{"count":0,"href":"https:\/\/www.europesays.com\/se\/wp-json\/wp\/v2\/posts\/115594\/revisions"}],"wp:featuredmedia":[{"embeddable":true,"href":"https:\/\/www.europesays.com\/se\/wp-json\/wp\/v2\/media\/115595"}],"wp:attachment":[{"href":"https:\/\/www.europesays.com\/se\/wp-json\/wp\/v2\/media?parent=115594"}],"wp:term":[{"taxonomy":"category","embeddable":true,"href":"https:\/\/www.europesays.com\/se\/wp-json\/wp\/v2\/categories?post=115594"},{"taxonomy":"post_tag","embeddable":true,"href":"https:\/\/www.europesays.com\/se\/wp-json\/wp\/v2\/tags?post=115594"}],"curies":[{"name":"wp","href":"https:\/\/api.w.org\/{rel}","templated":true}]}}