{"id":115612,"date":"2025-12-24T10:38:25","date_gmt":"2025-12-24T10:38:25","guid":{"rendered":"https:\/\/www.europesays.com\/se\/115612\/"},"modified":"2025-12-24T10:38:25","modified_gmt":"2025-12-24T10:38:25","slug":"tva-doms-planerade-doda-sa-manga-judar-som-mojligt-i-storbritannien","status":"publish","type":"post","link":"https:\/\/www.europesays.com\/se\/115612\/","title":{"rendered":"Tv\u00e5 d\u00f6ms \u2013 planerade \u201dd\u00f6da s\u00e5 m\u00e5nga judar som m\u00f6jligt\u201d i Storbritannien"},"content":{"rendered":"<p>Tv\u00e5 m\u00e4n har d\u00f6mts f\u00f6r att ha planerat ett IS-inspirerat terrord\u00e5d mot judar i Storbritannien, rapporterar Reuters.<\/p>\n<p>Enligt domstolen ska de b\u00e5da m\u00e4nnen ha f\u00f6rbetett sig f\u00f6r att \u201dd\u00f6da s\u00e5 m\u00e5nga judar som m\u00f6jligt\u201d. De ska bland annat ha k\u00f6pt in AK-47:or och spanat p\u00e5 m\u00f6jliga m\u00e5l.<\/p>\n<p>Polisen beskriver planerna som potentiellt den d\u00f6dligaste terrorattacken i Storbritanniens historia. De greps efter en underr\u00e4ttelseoperation d\u00e4r en infiltrat\u00f6r, kallad \u201dFarouk\u201d, l\u00e5tsades vara en extremist.<\/p>\n<p>Omni \u00e4r politiskt obundna och oberoende. Vi str\u00e4var efter att ge fler perspektiv p\u00e5 nyheterna. Har du fr\u00e5gor eller synpunkter kring v\u00e5r rapportering? <a href=\"https:\/\/omni.se\/tva-doms-planerade-doda-sa-manga-judar-som-mojligt-i-storbritannien\/a\/mailto:redaktion@omni.se\" class=\"ArticleActions_contactLink__W2F1M\" rel=\"nofollow noopener\" target=\"_blank\">Kontakta redaktionen<\/a><\/p>\n","protected":false},"excerpt":{"rendered":"Tv\u00e5 m\u00e4n har d\u00f6mts f\u00f6r att ha planerat ett IS-inspirerat terrord\u00e5d mot judar i Storbritannien, rapporterar Reuters. Enligt&hellip;\n","protected":false},"author":2,"featured_media":115613,"comment_status":"","ping_status":"","sticky":false,"template":"","format":"standard","meta":{"footnotes":""},"categories":[14],"tags":[12389,22,23,267,26,27,17,21,24,25,28,29,15,16,18,34,593,31,33,32,30,19,20,51,52,53,54],"class_list":{"0":"post-115612","1":"post","2":"type-post","3":"status-publish","4":"format-standard","5":"has-post-thumbnail","7":"category-varlden","8":"tag-drafter","9":"tag-breaking-news","10":"tag-breakingnews","11":"tag-europa","12":"tag-featured-news","13":"tag-featurednews","14":"tag-headlines","15":"tag-huvudnyheter","16":"tag-latest-news","17":"tag-latestnews","18":"tag-main-news","19":"tag-mainnews","20":"tag-news","21":"tag-nyheter","22":"tag-rubriker","23":"tag-se","24":"tag-storbritannien","25":"tag-svenska","26":"tag-sverige","27":"tag-sweden","28":"tag-swedish","29":"tag-top-stories","30":"tag-topstories","31":"tag-varlden","32":"tag-world","33":"tag-world-news","34":"tag-worldnews"},"share_on_mastodon":{"url":"https:\/\/pubeurope.com\/@se\/115774115274007444","error":""},"_links":{"self":[{"href":"https:\/\/www.europesays.com\/se\/wp-json\/wp\/v2\/posts\/115612","targetHints":{"allow":["GET"]}}],"collection":[{"href":"https:\/\/www.europesays.com\/se\/wp-json\/wp\/v2\/posts"}],"about":[{"href":"https:\/\/www.europesays.com\/se\/wp-json\/wp\/v2\/types\/post"}],"author":[{"embeddable":true,"href":"https:\/\/www.europesays.com\/se\/wp-json\/wp\/v2\/users\/2"}],"replies":[{"embeddable":true,"href":"https:\/\/www.europesays.com\/se\/wp-json\/wp\/v2\/comments?post=115612"}],"version-history":[{"count":0,"href":"https:\/\/www.europesays.com\/se\/wp-json\/wp\/v2\/posts\/115612\/revisions"}],"wp:featuredmedia":[{"embeddable":true,"href":"https:\/\/www.europesays.com\/se\/wp-json\/wp\/v2\/media\/115613"}],"wp:attachment":[{"href":"https:\/\/www.europesays.com\/se\/wp-json\/wp\/v2\/media?parent=115612"}],"wp:term":[{"taxonomy":"category","embeddable":true,"href":"https:\/\/www.europesays.com\/se\/wp-json\/wp\/v2\/categories?post=115612"},{"taxonomy":"post_tag","embeddable":true,"href":"https:\/\/www.europesays.com\/se\/wp-json\/wp\/v2\/tags?post=115612"}],"curies":[{"name":"wp","href":"https:\/\/api.w.org\/{rel}","templated":true}]}}