{"id":115622,"date":"2025-12-24T10:47:31","date_gmt":"2025-12-24T10:47:31","guid":{"rendered":"https:\/\/www.europesays.com\/se\/115622\/"},"modified":"2025-12-24T10:47:31","modified_gmt":"2025-12-24T10:47:31","slug":"filip-montgomery-tragedin-pa-brown-och-att-utnyttja-en-kris","status":"publish","type":"post","link":"https:\/\/www.europesays.com\/se\/115622\/","title":{"rendered":"Filip Montgomery: Tragedin p\u00e5 Brown och att utnyttja en kris"},"content":{"rendered":"<p class=\"has-drop-cap\">Tre dagar efter masskjutningen p\u00e5 Brown University hade fortfarande ingen g\u00e4rningsman gripits. Frustrationen var stor, b\u00e5de bland boende i Providence och bland kommentatorer p\u00e5 n\u00e4tet. Kritiken riktades mot Providencepolisen och universitetet, som ans\u00e5gs dela f\u00f6r lite information om utredningen. I det vakuum som uppstod drog konspirationsteorierna snabbt ig\u00e5ng.<\/p>\n<p>Men det var f\u00f6rst efter ytterligare ett mord, den 16 december \u2013 p\u00e5 den internationellt erk\u00e4nde fysikern\u00a0Nuno Loureiro\u00a0vid MIT \u2013 som spekulationerna n\u00e5dde full styrka. <\/p>\n<p>Ryktena exploderade p\u00e5 n\u00e4tet. Vissa h\u00e4vdade att Brown iscensatt d\u00e5det, andra pekade ut Iran eller israeliska Mossad. En tredje teori gjorde g\u00e4llande att det r\u00f6rde sig om en riktad attack mot \u201dkristna och konservativa\u201d, eftersom en av de d\u00f6dade var aktiv i det republikanska studentf\u00f6rbundet. <\/p>\n<p>Det rykte som fick st\u00f6rst spridning, och orsakade mest skada, var att en palestinsk doktorand vid Brown l\u00e5g bakom morden. Ett antal konton med stor r\u00e4ckvidd menade sig k\u00e4nna igen studenten p\u00e5 \u00f6vervakningsbilder, med det enda \u201dbeviset\u201d att b\u00e5de han och g\u00e4rningsmannen var \u00f6verviktiga. N\u00e4r studenten raderade sina sociala medier och Brown tog bort artiklar om honom (sannolikt efter att d\u00f6dshot b\u00f6rjat cirkulera, vilket f\u00f6r p\u00f6beljuryn p\u00e5 X uppfattades som ett \u201dglasklart erk\u00e4nnande\u201d) inleddes en omfattande doxningskampanj. Trots att b\u00e5de Brown och Providencepolisen snabbt dementerade uppgifterna fortsatte ryktesspridningen.<\/p>\n<p>Det var inte bara klickdrivande konton som spred obekr\u00e4ftade p\u00e5st\u00e5enden. \u00c4ven inflytelserika personer inom n\u00e4ringslivet och Trumps politiska kretsar bidrog till att elda p\u00e5 spekulationerna, d\u00e4ribland den politiska aktivisten Laura Loomer, USA:s minister f\u00f6r inrikes s\u00e4kerhet Kristi Noem, hedgefondf\u00f6rvaltaren Bill Ackman samt riskkapitalisten Shaun Maguire.<\/p>\n<p>Providencepolisen uppgav senare att m\u00e4ngder av vilseledande och falska tips \u2013 m\u00e5nga fr\u00e5n anv\u00e4ndare p\u00e5 X \u2013 str\u00f6mmade in och f\u00f6rsv\u00e5rade utredningsarbetet. Men ett tips visade sig bli avg\u00f6rande. <\/p>\n<p>Dagen f\u00f6re mordet p\u00e5 MIT-forskaren publicerade en anonym anv\u00e4ndare p\u00e5 Reddit ett inl\u00e4gg: \u201dJag \u00e4r gravallvarlig. Polisen beh\u00f6ver unders\u00f6ka en gr\u00e5 Nissan med registreringsskyltar fr\u00e5n Florida, m\u00f6jligen en hyrbil\u201d. Dagen d\u00e4rp\u00e5 tog polisen kontakt med avs\u00e4ndaren. <\/p>\n<p>Tipsgivaren visade sig vara en f\u00f6re detta Brownstudent, utexaminerad 2010, som p\u00e5 grund av sv\u00e5ra livsomst\u00e4ndigheter den senaste tiden varit heml\u00f6s och bott i k\u00e4llaren till byggnaden d\u00e4r skjutningen \u00e4gt rum. I utredningen kallades han \u201dJohn\u201d. Han hade st\u00f6tt p\u00e5 skytten p\u00e5 en toalett n\u00e5gra timmar f\u00f6re d\u00e5det och reagerat p\u00e5 hans m\u00e4rkliga beteende. Vid ett tillf\u00e4lle hade han till och med konfronterat mannen, men blivit avvisad. Enligt polisen gav Johns vittnesm\u00e5l utredningen ett avg\u00f6rande genombrott. <\/p>\n<p>Sp\u00e5ren ledde till\u00a0den portugisiske medborgaren Manuel Neves Valente som \u00e5r 2000 p\u00e5b\u00f6rjat en doktorandutbildning i fysik vid Brown men hoppat av \u00e5ret d\u00e4rp\u00e5. Han hade p\u00e5 1990-talet studerat i Lissabon tillsammans med Loureiro. Polisen lokaliserade Valente till en lagerlokal i New Hampshire, en timmes bilf\u00e4rd fr\u00e5n mordplatsen vid MIT, men n\u00e4r de kom fram hade han redan tagit sitt liv.<\/p>\n<p>\u00c4ven om motivet aldrig fullt ut kan klarl\u00e4ggas tyder mycket p\u00e5 att Valente bar p\u00e5 ett l\u00e5ngvarigt agg mot Loureiro, d\u00e5 den tidigare studiekamratens karri\u00e4r hade utvecklats betydligt mer framg\u00e5ngsrikt, och Brown var platsen d\u00e4r Valentes egen bana tog slut. <\/p>\n<p>Men varf\u00f6r sk\u00f6t han studenter som f\u00f6rberedde sig f\u00f6r en tentamen i ekonomi? Enligt anonyma uppgifter fr\u00e5n ett diskussionsforum kopplat till Brown ska Valente ha g\u00e5tt till fel sal. Fysiktentan han avs\u00e5g att angripa h\u00f6lls tidigare under terminen i Barus and Holley-byggnaden, men sj\u00e4lva tentamen \u00e4gde rum n\u00e5gon annanstans.<\/p>\n<p>Men trots att den misst\u00e4nkte identifierades och hela h\u00e4ndelsef\u00f6rloppet klarnade, avtog inte konspirationsteorierna. \u201dDet h\u00e4r \u00e4r uppenbart en syndabock. Allt \u00e4r en psy-op och Brown \u00e4r inblandat\u201d, skrev en anv\u00e4ndare i ett senare raderat inl\u00e4gg p\u00e5 X. <\/p>\n<p>N\u00e4r Kristi Noem inte l\u00e4ngre kunde skylla d\u00e5det p\u00e5 transpersoner eller propalestinska demonstranter s\u00f6kte hon andra politiska vinklar. Till slut fann hon en: eftersom Valente hade f\u00e5tt sitt uppeh\u00e5llstillst\u00e5nd via det \u00e5rliga lotteriet f\u00f6r green card \u2013 d\u00e4r omkring 55 000 personer beviljas tillst\u00e5nd varje \u00e5r \u2013 valde administrationen att pausa n\u00e4sta omg\u00e5ng av programmet. <\/p>\n","protected":false},"excerpt":{"rendered":"Tre dagar efter masskjutningen p\u00e5 Brown University hade fortfarande ingen g\u00e4rningsman gripits. Frustrationen var stor, b\u00e5de bland boende&hellip;\n","protected":false},"author":2,"featured_media":115623,"comment_status":"","ping_status":"","sticky":false,"template":"","format":"standard","meta":{"footnotes":""},"categories":[14],"tags":[12498,22,23,12499,26,27,17,21,12500,24,25,28,29,12501,15,16,18,34,12502,31,33,32,30,19,20,51,52,53,54],"class_list":{"0":"post-115622","1":"post","2":"type-post","3":"status-publish","4":"format-standard","5":"has-post-thumbnail","7":"category-varlden","8":"tag-bill-ackman","9":"tag-breaking-news","10":"tag-breakingnews","11":"tag-brown-university","12":"tag-featured-news","13":"tag-featurednews","14":"tag-headlines","15":"tag-huvudnyheter","16":"tag-kristi-noem","17":"tag-latest-news","18":"tag-latestnews","19":"tag-main-news","20":"tag-mainnews","21":"tag-manuel-neves-valente","22":"tag-news","23":"tag-nyheter","24":"tag-rubriker","25":"tag-se","26":"tag-skolskjutning","27":"tag-svenska","28":"tag-sverige","29":"tag-sweden","30":"tag-swedish","31":"tag-top-stories","32":"tag-topstories","33":"tag-varlden","34":"tag-world","35":"tag-world-news","36":"tag-worldnews"},"share_on_mastodon":{"url":"https:\/\/pubeurope.com\/@se\/115774150621265359","error":""},"_links":{"self":[{"href":"https:\/\/www.europesays.com\/se\/wp-json\/wp\/v2\/posts\/115622","targetHints":{"allow":["GET"]}}],"collection":[{"href":"https:\/\/www.europesays.com\/se\/wp-json\/wp\/v2\/posts"}],"about":[{"href":"https:\/\/www.europesays.com\/se\/wp-json\/wp\/v2\/types\/post"}],"author":[{"embeddable":true,"href":"https:\/\/www.europesays.com\/se\/wp-json\/wp\/v2\/users\/2"}],"replies":[{"embeddable":true,"href":"https:\/\/www.europesays.com\/se\/wp-json\/wp\/v2\/comments?post=115622"}],"version-history":[{"count":0,"href":"https:\/\/www.europesays.com\/se\/wp-json\/wp\/v2\/posts\/115622\/revisions"}],"wp:featuredmedia":[{"embeddable":true,"href":"https:\/\/www.europesays.com\/se\/wp-json\/wp\/v2\/media\/115623"}],"wp:attachment":[{"href":"https:\/\/www.europesays.com\/se\/wp-json\/wp\/v2\/media?parent=115622"}],"wp:term":[{"taxonomy":"category","embeddable":true,"href":"https:\/\/www.europesays.com\/se\/wp-json\/wp\/v2\/categories?post=115622"},{"taxonomy":"post_tag","embeddable":true,"href":"https:\/\/www.europesays.com\/se\/wp-json\/wp\/v2\/tags?post=115622"}],"curies":[{"name":"wp","href":"https:\/\/api.w.org\/{rel}","templated":true}]}}