{"id":115632,"date":"2025-12-24T10:57:14","date_gmt":"2025-12-24T10:57:14","guid":{"rendered":"https:\/\/www.europesays.com\/se\/115632\/"},"modified":"2025-12-24T10:57:14","modified_gmt":"2025-12-24T10:57:14","slug":"flygstrejker-runtom-i-europa-i-jul","status":"publish","type":"post","link":"https:\/\/www.europesays.com\/se\/115632\/","title":{"rendered":"Flygstrejker runtom i Europa i jul"},"content":{"rendered":"<p>Publicerad 24 dec 2025 kl 08.22Uppdaterad kl 10.29<\/p>\n<p>Om man ska ut och flyga i jul kan det vara bra att packa med sig en stor portion t\u00e5lamod.<\/p>\n<p>Runtom i Europa strejkar flygplatspersonal \u2013 bland annat SAS-anst\u00e4llda som protesterar mot l\u00e5ga l\u00f6ner.\u00a0<\/p>\n<p>\u2013 Det \u00e4r riktigt Grinch-beteende fr\u00e5n SAS, s\u00e4ger en facklig representant i London.<\/p>\n<p>Senaste nyhetsklippen fr\u00e5n Expressen.<img   alt=\"\"\/><\/p>\n<p>Det varnar f\u00f6r julstrejk i flygtrafiken.<\/p>\n<p>Foto: PATRIK C \u00d6STERBERG<\/p>\n<p>\u00d6ppna bild i helsk\u00e4rm<img loading=\"lazy\"   alt=\"\"\/><\/p>\n<p>Strejker kan f\u00f6rekomma runtom i Europa.<\/p>\n<p>Foto: FRANK AUGSTEIN \/ AP TT NYHETSBYR\u00c5N<\/p>\n<p>\u00d6ppna bild i helsk\u00e4rm<\/p>\n<p>Generellt \u00e4r tiden kring jul och ny\u00e5r en popul\u00e4r strejkperiod f\u00f6r flygplatspersonal, eftersom det \u00e4r en av \u00e5rets mest hektiska reseperioder.<\/p>\n<p>Den h\u00e4r julen \u00e4r inget undantag.<\/p>\n<p>Nyhetssajten <a href=\"https:\/\/www.euronews.com\/travel\/2025\/12\/22\/christmas-travel-chaos-all-the-european-airport-strikes-to-expect-in-december\" rel=\"nofollow noopener\" target=\"_blank\">Euronews<\/a> har sammanst\u00e4llt p\u00e5 vilka flygplatser det kommer strejkas under julledigheten.<\/p>\n<p>Problem i London<\/p>\n<p>En av de st\u00f6rsta strejkerna \u00e4ger rum p\u00e5 Londons flygplats Heathrow. D\u00e4r \u00e4r det <a href=\"https:\/\/www.expressen.se\/tagg\/organization\/sas\/\" class=\"\" rel=\"nofollow noopener\" target=\"_blank\">SAS<\/a> kabinpersonal som kommer v\u00e4gra jobba. Flyg till och fr\u00e5n bland annat Stockholm och K\u00f6penhamn kommer sannolikt p\u00e5verkas av strejken som \u00e4ger rum 22, 24 och 26 december.<\/p>\n<p>SAS-personalen i London protesterar mot de l\u00e5ga l\u00f6nerna.<\/p>\n<p>\u2013 Det \u00e4r riktigt Grinch-beteende fr\u00e5n SAS, som drar nytta av de anst\u00e4lldas v\u00e4lvilja och som nu blir ansvarigt f\u00f6r inst\u00e4llda julflighter, s\u00e4ger Callum Rochford, representant f\u00f6r fackf\u00f6rbundet Unite, till Euronews.\u00a0<\/p>\n<p>P\u00e5 en annan Londonflygplats, Luton, kommer viss markpersonal strejka och orsaka f\u00f6rseningar med check-in och bagagehanteringen.<\/p>\n<p>Strejk i Spanien<\/p>\n<p>L\u00e4ngre s\u00f6derut, i Spanien, strejkar Ryanairs personal. Det har de gjort till och fr\u00e5n i flera veckor och strejkerna kommer forts\u00e4tta till och med ny\u00e5rsafton. Bland annat handlar det om flygplatserna i Palma, Alicante, Barcelona och Malaga.<\/p>\n<p>I Madrid p\u00e5g\u00e5r en annan strejk, n\u00e4r markpersonalen protesterar mot arbetsvillkoren. Den 26 och 31 december, samt mellan 2 och 7 januari kommer flygtrafik som drivs av Iberia Airlines, British Airways, Aer Lingus och Vueling p\u00e5verkas.<\/p>\n<p>Den som ska ut och resa uppmanas h\u00e5lla koll p\u00e5 uppdateringar fr\u00e5n flygbolaget man ska flyga med.\u00a0<\/p>\n","protected":false},"excerpt":{"rendered":"Publicerad 24 dec 2025 kl 08.22Uppdaterad kl 10.29 Om man ska ut och flyga i jul kan det&hellip;\n","protected":false},"author":2,"featured_media":115633,"comment_status":"","ping_status":"","sticky":false,"template":"","format":"standard","meta":{"footnotes":""},"categories":[5],"tags":[22,23,26,27,17,21,24,25,3320,498,28,29,15,16,1383,18,34,55,31,33,32,30,19,20],"class_list":{"0":"post-115632","1":"post","2":"type-post","3":"status-publish","4":"format-standard","5":"has-post-thumbnail","7":"category-rubriker","8":"tag-breaking-news","9":"tag-breakingnews","10":"tag-featured-news","11":"tag-featurednews","12":"tag-headlines","13":"tag-huvudnyheter","14":"tag-latest-news","15":"tag-latestnews","16":"tag-location-heathrow","17":"tag-location-spanien","18":"tag-main-news","19":"tag-mainnews","20":"tag-news","21":"tag-nyheter","22":"tag-organization-sas","23":"tag-rubriker","24":"tag-se","25":"tag-sections-varlden","26":"tag-svenska","27":"tag-sverige","28":"tag-sweden","29":"tag-swedish","30":"tag-top-stories","31":"tag-topstories"},"share_on_mastodon":{"url":"https:\/\/pubeurope.com\/@se\/115774190035318847","error":""},"_links":{"self":[{"href":"https:\/\/www.europesays.com\/se\/wp-json\/wp\/v2\/posts\/115632","targetHints":{"allow":["GET"]}}],"collection":[{"href":"https:\/\/www.europesays.com\/se\/wp-json\/wp\/v2\/posts"}],"about":[{"href":"https:\/\/www.europesays.com\/se\/wp-json\/wp\/v2\/types\/post"}],"author":[{"embeddable":true,"href":"https:\/\/www.europesays.com\/se\/wp-json\/wp\/v2\/users\/2"}],"replies":[{"embeddable":true,"href":"https:\/\/www.europesays.com\/se\/wp-json\/wp\/v2\/comments?post=115632"}],"version-history":[{"count":0,"href":"https:\/\/www.europesays.com\/se\/wp-json\/wp\/v2\/posts\/115632\/revisions"}],"wp:featuredmedia":[{"embeddable":true,"href":"https:\/\/www.europesays.com\/se\/wp-json\/wp\/v2\/media\/115633"}],"wp:attachment":[{"href":"https:\/\/www.europesays.com\/se\/wp-json\/wp\/v2\/media?parent=115632"}],"wp:term":[{"taxonomy":"category","embeddable":true,"href":"https:\/\/www.europesays.com\/se\/wp-json\/wp\/v2\/categories?post=115632"},{"taxonomy":"post_tag","embeddable":true,"href":"https:\/\/www.europesays.com\/se\/wp-json\/wp\/v2\/tags?post=115632"}],"curies":[{"name":"wp","href":"https:\/\/api.w.org\/{rel}","templated":true}]}}