{"id":115660,"date":"2025-12-24T11:23:10","date_gmt":"2025-12-24T11:23:10","guid":{"rendered":"https:\/\/www.europesays.com\/se\/115660\/"},"modified":"2025-12-24T11:23:10","modified_gmt":"2025-12-24T11:23:10","slug":"affs-julklapp-en-varvad-skyttekung-fran-norr-corren","status":"publish","type":"post","link":"https:\/\/www.europesays.com\/se\/115660\/","title":{"rendered":"\u00c5FF:s julklapp \u2013 en v\u00e4rvad skyttekung fr\u00e5n norr &#8211; Corren"},"content":{"rendered":"<ol>\n<li><a href=\"https:\/\/news.google.com\/rss\/articles\/CBMingFBVV95cUxPbXFOZGtXUmJFLWRpZkVDT0FsYWFLeVF3LUlvMEkweDlXU1hJVDl6cE5kVENNUlJiX1JEaGFZR1BXVzBhc2JSZnBORnZlZnJZUlc3WEZmazFNUC1JcmJyX0tOVTV2WTBwbl8wbG9IZWZFaGZWd0FpdnVCcUNVRHF5X1pmV0NaZURWeFFFSFhUd1FSWmhLbXBsNUVybXM1UQ?oc=5\" target=\"_blank\" rel=\"nofollow noopener\">\u00c5FF:s julklapp \u2013 en v\u00e4rvad skyttekung fr\u00e5n norr<\/a>&nbsp;&nbsp;Corren<\/li>\n<li><a href=\"https:\/\/news.google.com\/rss\/articles\/CBMimgFBVV95cUxQdnlmME10UnRtSmdfTTJvZjJFZmlhMWFJN1pvc19IaVhDdVo1MTV1R2dYLVJCc0xpZmk1Q29oeWhnTldjaGR1X2VmOWxIWjRsZWZUaUdENmlKbWZvSnFocFk0alIyc1FtcjYydGRZeXRCUnNEQ1V5MmlMZ1J4aXpDUTZoajQ4UWJRX2dwdEoyRHl1b29GampsVXp3?oc=5\" target=\"_blank\" rel=\"nofollow noopener\">Flera klubbar visar intresse f\u00f6r Gustav Nordh<\/a>&nbsp;&nbsp;Pite\u00e5-Tidningen<\/li>\n<li><a href=\"https:\/\/news.google.com\/rss\/articles\/CBMiiAFBVV95cUxOUGdZM0o5MEMtdlZpeE4yVENBbkxfUjRfY1g4cmQ1YkVWYzJQLUxrQ2FNeTd5XzkzVzg1YkNVZUIxNUR1UXRqR01ubzhxU0FyYm8tMjMxekkyRDlBUmlNNlJYSUVxTkt3YXBjYXlGeG5KTE1NaEtKQTdrUzVtS05yLUZSbHE3SDlH?oc=5\" target=\"_blank\" rel=\"nofollow noopener\">SILLY SEASON: Fr\u00e5n Frankrike till Syrianska: \u201dH\u00f6g h\u00f6gstaniv\u00e5\u201d<\/a>&nbsp;&nbsp;NLT<\/li>\n<li><a href=\"https:\/\/news.google.com\/rss\/articles\/CBMipwFBVV95cUxPZi1ycmh0MTcxQVg3UF9wbThBYkdNaV9CV3hJVXNzd0xCRlg4UE5MVWVIQ0k3NnNxLWRFdkNWcF9qWHlhLXlrOUhEMGQyTFVyTEdMV1NHcDFlOUtfSXZwRnlGdWZ0cklGTWswUW1iN0JvOUV5aG5nTmJJSi03cXhkaHQwOFdMY0pEQVVnaTIwV2JkTTNQdUtrWWlXVkVtd1dzVHJZVWtfSQ?oc=5\" target=\"_blank\" rel=\"nofollow noopener\">IFK slog till innan f\u00f6nstret st\u00e4ngde \u2013 h\u00e4r \u00e4r f\u00f6rsta nyf\u00f6rv\u00e4rvet<\/a>&nbsp;&nbsp;V\u00e4stg\u00f6ta-Bladet<\/li>\n<li><a href=\"https:\/\/news.google.com\/rss\/articles\/CBMif0FVX3lxTE41T1BVNzFBdnp1VFVUSVBaZUVpUW5yeWduN2FRWmVKRUZveUxoX1BMS0tybE9iTUE2UzYxVlBMbjZDVnFIMEw0RFZuUExELWhRRmtyU3NQOUtER0d6c25qOXducEZibGpoWThsYkxaZkhEdy1BZ05QZXktSERONTg?oc=5\" target=\"_blank\" rel=\"nofollow noopener\">Lokala fotbolls\u00e5ret: Ras, &#8221;dutt&#8221;, rekord och vildsvinsburgare<\/a>&nbsp;&nbsp;Corren<\/li>\n<\/ol>\n","protected":false},"excerpt":{"rendered":"\u00c5FF:s julklapp \u2013 en v\u00e4rvad skyttekung fr\u00e5n norr&nbsp;&nbsp;Corren Flera klubbar visar intresse f\u00f6r Gustav Nordh&nbsp;&nbsp;Pite\u00e5-Tidningen SILLY SEASON: Fr\u00e5n&hellip;\n","protected":false},"author":2,"featured_media":115661,"comment_status":"","ping_status":"","sticky":false,"template":"","format":"standard","meta":{"footnotes":""},"categories":[68],"tags":[34,111,110,31,33,32,30],"class_list":{"0":"post-115660","1":"post","2":"type-post","3":"status-publish","4":"format-standard","5":"has-post-thumbnail","7":"category-sport","8":"tag-se","9":"tag-sport","10":"tag-sports","11":"tag-svenska","12":"tag-sverige","13":"tag-sweden","14":"tag-swedish"},"share_on_mastodon":{"url":"https:\/\/pubeurope.com\/@se\/115774292137198466","error":""},"_links":{"self":[{"href":"https:\/\/www.europesays.com\/se\/wp-json\/wp\/v2\/posts\/115660","targetHints":{"allow":["GET"]}}],"collection":[{"href":"https:\/\/www.europesays.com\/se\/wp-json\/wp\/v2\/posts"}],"about":[{"href":"https:\/\/www.europesays.com\/se\/wp-json\/wp\/v2\/types\/post"}],"author":[{"embeddable":true,"href":"https:\/\/www.europesays.com\/se\/wp-json\/wp\/v2\/users\/2"}],"replies":[{"embeddable":true,"href":"https:\/\/www.europesays.com\/se\/wp-json\/wp\/v2\/comments?post=115660"}],"version-history":[{"count":0,"href":"https:\/\/www.europesays.com\/se\/wp-json\/wp\/v2\/posts\/115660\/revisions"}],"wp:featuredmedia":[{"embeddable":true,"href":"https:\/\/www.europesays.com\/se\/wp-json\/wp\/v2\/media\/115661"}],"wp:attachment":[{"href":"https:\/\/www.europesays.com\/se\/wp-json\/wp\/v2\/media?parent=115660"}],"wp:term":[{"taxonomy":"category","embeddable":true,"href":"https:\/\/www.europesays.com\/se\/wp-json\/wp\/v2\/categories?post=115660"},{"taxonomy":"post_tag","embeddable":true,"href":"https:\/\/www.europesays.com\/se\/wp-json\/wp\/v2\/tags?post=115660"}],"curies":[{"name":"wp","href":"https:\/\/api.w.org\/{rel}","templated":true}]}}