{"id":115662,"date":"2025-12-24T11:26:24","date_gmt":"2025-12-24T11:26:24","guid":{"rendered":"https:\/\/www.europesays.com\/se\/115662\/"},"modified":"2025-12-24T11:26:24","modified_gmt":"2025-12-24T11:26:24","slug":"corem-inleder-aterkopsprogram-efter-beslut-pa-arsstamma","status":"publish","type":"post","link":"https:\/\/www.europesays.com\/se\/115662\/","title":{"rendered":"Corem inleder \u00e5terk\u00f6psprogram efter beslut p\u00e5 \u00e5rsst\u00e4mma"},"content":{"rendered":"<p class=\"font-sans text-base text-text-main dark:text-text-main-dark font-normal leading-[1.4]\">Fastighetsbolaget Corem Property inleder ett \u00e5terk\u00f6psprogram av egna aktier efter beslut p\u00e5 \u00e5rsst\u00e4mman den 23 april.\n <\/p>\n<p>Bolaget f\u00e5r fram till n\u00e4sta \u00e5rsst\u00e4mma \u00e5terk\u00f6pa aktier motsvarande h\u00f6gst tio procent av totalt antal aktier. Bolaget \u00e4ger i dagsl\u00e4get cirka 2,69 procent av aktierna f\u00f6rdelat p\u00e5 stamaktier av serie A, B och D.<br \/>\n <br class=\"col-start-2\"\/><\/p>\n<p class=\"font-sans text-base text-text-main dark:text-text-main-dark font-normal leading-[1.4]\">Leo Luthander<br \/>\n <br class=\"col-start-2\"\/><br \/>\n leo.luthander@finwire.se<br \/>\n <br class=\"col-start-2\"\/><br \/>\n Nyhetsbyr\u00e5n Finwire<\/p>\n","protected":false},"excerpt":{"rendered":"Fastighetsbolaget Corem Property inleder ett \u00e5terk\u00f6psprogram av egna aktier efter beslut p\u00e5 \u00e5rsst\u00e4mman den 23 april. Bolaget f\u00e5r&hellip;\n","protected":false},"author":2,"featured_media":77249,"comment_status":"","ping_status":"","sticky":false,"template":"","format":"standard","meta":{"footnotes":""},"categories":[65],"tags":[72,70,71,34,31,33,32,30],"class_list":{"0":"post-115662","1":"post","2":"type-post","3":"status-publish","4":"format-standard","5":"has-post-thumbnail","7":"category-ekonomi","8":"tag-business","9":"tag-economy","10":"tag-ekonomi","11":"tag-se","12":"tag-svenska","13":"tag-sverige","14":"tag-sweden","15":"tag-swedish"},"share_on_mastodon":{"url":"https:\/\/pubeurope.com\/@se\/115774303991700478","error":""},"_links":{"self":[{"href":"https:\/\/www.europesays.com\/se\/wp-json\/wp\/v2\/posts\/115662","targetHints":{"allow":["GET"]}}],"collection":[{"href":"https:\/\/www.europesays.com\/se\/wp-json\/wp\/v2\/posts"}],"about":[{"href":"https:\/\/www.europesays.com\/se\/wp-json\/wp\/v2\/types\/post"}],"author":[{"embeddable":true,"href":"https:\/\/www.europesays.com\/se\/wp-json\/wp\/v2\/users\/2"}],"replies":[{"embeddable":true,"href":"https:\/\/www.europesays.com\/se\/wp-json\/wp\/v2\/comments?post=115662"}],"version-history":[{"count":0,"href":"https:\/\/www.europesays.com\/se\/wp-json\/wp\/v2\/posts\/115662\/revisions"}],"wp:featuredmedia":[{"embeddable":true,"href":"https:\/\/www.europesays.com\/se\/wp-json\/wp\/v2\/media\/77249"}],"wp:attachment":[{"href":"https:\/\/www.europesays.com\/se\/wp-json\/wp\/v2\/media?parent=115662"}],"wp:term":[{"taxonomy":"category","embeddable":true,"href":"https:\/\/www.europesays.com\/se\/wp-json\/wp\/v2\/categories?post=115662"},{"taxonomy":"post_tag","embeddable":true,"href":"https:\/\/www.europesays.com\/se\/wp-json\/wp\/v2\/tags?post=115662"}],"curies":[{"name":"wp","href":"https:\/\/api.w.org\/{rel}","templated":true}]}}