{"id":115672,"date":"2025-12-24T11:38:10","date_gmt":"2025-12-24T11:38:10","guid":{"rendered":"https:\/\/www.europesays.com\/se\/115672\/"},"modified":"2025-12-24T11:38:10","modified_gmt":"2025-12-24T11:38:10","slug":"forskning-om-forbisedda-varningstecknet-pa-parkinsons-sjukdom","status":"publish","type":"post","link":"https:\/\/www.europesays.com\/se\/115672\/","title":{"rendered":"Forskning om f\u00f6rbisedda varningstecknet p\u00e5 Parkinsons sjukdom"},"content":{"rendered":"<p>90 procent av alla drabbas<\/p>\n<p>F\u00f6rst p\u00e5 senare \u00e5r har forskare f\u00f6rst\u00e5tt exakt hur tidigt detta symtom kan visa sig.<\/p>\n<p>Hos mer \u00e4n 90 procent av alla Parkinsonpatienter uppst\u00e5r f\u00f6r\u00e4ndringar i luktsinnet l\u00e5ngt innan motoriken p\u00e5verkas. Det g\u00f6r att luktbortfall kan fungera som en m\u00f6jlig biomark\u00f6r f\u00f6r tidig diagnostik.<\/p>\n<p>Luktbulben i fokus<\/p>\n<p>M\u00e4nniskans luktbulb \u00e4r central f\u00f6r att tolka doftintryck och skickar signaler direkt till hj\u00e4rnans omr\u00e5den f\u00f6r k\u00e4nslor och minne. Till skillnad fr\u00e5n hos m\u00e5nga andra d\u00e4ggdjur bildas inga nya nervceller i omr\u00e5det efter f\u00f6dseln.<\/p>\n<p>Just d\u00e4rf\u00f6r \u00e4r det extra k\u00e4nsligt f\u00f6r skador.<\/p>\n<p>Enligt forskningen kan Parkinson i vissa fall starta just i luktbulben. Virus, gifter eller kemikalier som inhaleras kan orsaka f\u00f6r\u00e4ndringar d\u00e4r som sedan sprider sig till hj\u00e4rnans r\u00f6relsestyrande delar.<\/p>\n<p>Parkinsons symptom liknar Alzheimers<\/p>\n<p>Liknande fynd finns \u00e4ven vid Alzheimers sjukdom. Studier visar att \u00e4ven skador i hj\u00e4rnstamsomr\u00e5det locus coeruleus \u2013 en k\u00e4rna som kopplar samman luktsinnet med k\u00e4nslor och uppm\u00e4rksamhet \u2013 kan vara en tidig utl\u00f6sande faktor.<\/p>\n<p>N\u00e4r denna koppling bryts f\u00f6rs\u00e4mras luktsinnet ofta l\u00e5ngt innan andra symtom m\u00e4rks.<\/p>\n<p><img loading=\"lazy\" decoding=\"async\" width=\"1024\" height=\"576\" src=\"https:\/\/www.europesays.com\/se\/wp-content\/uploads\/2025\/12\/lukt-1024x576.jpg\" alt=\"\" class=\"wp-image-1166117\"  \/>Ett av de mest underskattade och tidiga tecknen handlar om luktsinnet. (Foto: Bertil Ericson \/ TT)En ofta f\u00f6rbisedd indikation vid Parkinsons<\/p>\n<p>Trots att f\u00f6rlust av luktsinne kan vara ett av de f\u00f6rsta tecknen p\u00e5 Parkinsons \u00e4r det inte ett symtom som f\u00e5r samma uppm\u00e4rksamhet som motoriska sv\u00e5righeter. Det beror delvis p\u00e5 att nedsatt lukt ocks\u00e5 kan orsakas av helt andra faktorer: infektioner, \u00e5ldrande, stress eller milj\u00f6p\u00e5verkan. <\/p>\n<p>M\u00e5nga m\u00e4rker det knappt sj\u00e4lva.<\/p>\n<p>Forskarna: \u201cObehagliga dofter\u201d<\/p>\n<p>Men forskare menar att ganska sm\u00e5 f\u00f6r\u00e4ndringar kan vara viktiga n\u00e4r de ses i kombination med andra signaler. Det kan handla om att en person fortfarande k\u00e4nner behagliga dofter men inte l\u00e4ngre uppfattar neutrala eller mer obehagliga aromer \u2013 ett m\u00f6nster som \u00e4r s\u00e4rskilt vanligt vid Parkinsons sjukdom.<\/p>\n<p>Det finns \u00e4ven patienter, oftast kvinnor, som beskriver lukthallucinationer och upplever dofter som inte finns.<\/p>\n<p>Kan ge snabbare diagnoser<\/p>\n<p>F\u00f6r b\u00e5de patienter och l\u00e4kare \u00e4r tidig diagnostik en utmaning.<\/p>\n<p>N\u00e4r de typiska symptomen v\u00e4l uppst\u00e5r har mer \u00e4n h\u00e4lften av de dopaminproducerande cellerna som styr r\u00f6relse redan g\u00e5tt f\u00f6rlorade. D\u00e4rf\u00f6r kan luktprov och andra kompletterande tester bli viktiga verktyg.<\/p>\n<p>Inget bevis f\u00f6r Parkinsons<\/p>\n<p>F\u00f6rlust av luktsinne \u00e4r inte ett bevis p\u00e5 Parkinsons sjukdom \u2013 men ett tidigt varningstecken som kan bidra till snabbare utredningar, mer tr\u00e4ffs\u00e4kra bed\u00f6mningar och m\u00f6jlighet till b\u00e4ttre st\u00f6d i ett tidigare skede.<\/p>\n<p>Att f\u00f6rst\u00e5 n\u00e4r i processen luktsinnet f\u00f6r\u00e4ndras kan bli ett av framtidens viktigaste verktyg inom neurologin.<\/p>\n<p>L\u00e4s mer p\u00e5 News55:<\/p>\n<p><a href=\"https:\/\/www.news55.se\/halsa\/sjukvard\/utrikes-fodda-raddar-valfarden-utan-dem-skulle-varden-krisa\/\" rel=\"nofollow noopener\" target=\"_blank\">Utrikes f\u00f6dda r\u00e4ddar v\u00e4lf\u00e4rden \u2013 utan dem skulle v\u00e5rden krisa<\/a><\/p>\n<p><a href=\"https:\/\/www.news55.se\/livsstil\/mat-dryck\/ovantad-favorit-till-julbordet-hakan-juholt-toppar-listorna\/\" rel=\"nofollow noopener\" target=\"_blank\">Ov\u00e4ntad favorit till julbordet: H\u00e5kan Juholt<\/a><\/p>\n<p><a href=\"https:\/\/www.news55.se\/halsa\/drogpaverkade-och-domda-jobbar-anda-i-aldreomsorgen\/\" rel=\"nofollow noopener\" target=\"_blank\">Drogp\u00e5verkade och d\u00f6mda \u2013 jobbar \u00e4nd\u00e5 i \u00e4ldreomsorgen<\/a><\/p>\n<p><a href=\"https:\/\/www.news55.se\/livsstil\/slang-inte-gammal-solkram-den-kan-gora-underverk-i-hemmet\/\" rel=\"nofollow noopener\" target=\"_blank\">Sl\u00e4ng inte gammal solkr\u00e4m \u2013 den kan g\u00f6ra underverk i hemmet<\/a><\/p>\n<p>L\u00e4s mer fr\u00e5n News55 &#8211; v\u00e5rt nyhetsbrev \u00e4r kostnadsfritt:Prenumerera<\/p>\n","protected":false},"excerpt":{"rendered":"90 procent av alla drabbas F\u00f6rst p\u00e5 senare \u00e5r har forskare f\u00f6rst\u00e5tt exakt hur tidigt detta symtom kan&hellip;\n","protected":false},"author":2,"featured_media":115673,"comment_status":"","ping_status":"","sticky":false,"template":"","format":"standard","meta":{"footnotes":""},"categories":[69],"tags":[12504,632,113,112,12505,12506,34,31,33,32,30,12507],"class_list":{"0":"post-115672","1":"post","2":"type-post","3":"status-publish","4":"format-standard","5":"has-post-thumbnail","7":"category-halsa","8":"tag-diagnoser","9":"tag-forskning","10":"tag-halsa","11":"tag-health","12":"tag-hjarnfonden","13":"tag-parkinsons-sjukdom","14":"tag-se","15":"tag-svenska","16":"tag-sverige","17":"tag-sweden","18":"tag-swedish","19":"tag-symptom"},"share_on_mastodon":{"url":"https:\/\/pubeurope.com\/@se\/115774351415405285","error":""},"_links":{"self":[{"href":"https:\/\/www.europesays.com\/se\/wp-json\/wp\/v2\/posts\/115672","targetHints":{"allow":["GET"]}}],"collection":[{"href":"https:\/\/www.europesays.com\/se\/wp-json\/wp\/v2\/posts"}],"about":[{"href":"https:\/\/www.europesays.com\/se\/wp-json\/wp\/v2\/types\/post"}],"author":[{"embeddable":true,"href":"https:\/\/www.europesays.com\/se\/wp-json\/wp\/v2\/users\/2"}],"replies":[{"embeddable":true,"href":"https:\/\/www.europesays.com\/se\/wp-json\/wp\/v2\/comments?post=115672"}],"version-history":[{"count":0,"href":"https:\/\/www.europesays.com\/se\/wp-json\/wp\/v2\/posts\/115672\/revisions"}],"wp:featuredmedia":[{"embeddable":true,"href":"https:\/\/www.europesays.com\/se\/wp-json\/wp\/v2\/media\/115673"}],"wp:attachment":[{"href":"https:\/\/www.europesays.com\/se\/wp-json\/wp\/v2\/media?parent=115672"}],"wp:term":[{"taxonomy":"category","embeddable":true,"href":"https:\/\/www.europesays.com\/se\/wp-json\/wp\/v2\/categories?post=115672"},{"taxonomy":"post_tag","embeddable":true,"href":"https:\/\/www.europesays.com\/se\/wp-json\/wp\/v2\/tags?post=115672"}],"curies":[{"name":"wp","href":"https:\/\/api.w.org\/{rel}","templated":true}]}}