{"id":115680,"date":"2025-12-24T11:47:50","date_gmt":"2025-12-24T11:47:50","guid":{"rendered":"https:\/\/www.europesays.com\/se\/115680\/"},"modified":"2025-12-24T11:47:50","modified_gmt":"2025-12-24T11:47:50","slug":"brooks-koepka-lamnar-liv-touren","status":"publish","type":"post","link":"https:\/\/www.europesays.com\/se\/115680\/","title":{"rendered":"Brooks Koepka l\u00e4mnar LIV-touren"},"content":{"rendered":"<p>Publicerad 23 dec 2025 kl 22.58Uppdaterad kl 23.59<\/p>\n<p>Den femfaldige majorvinnaren Brooks Koepka l\u00e4mnar LIV-touren.\u00a0<\/p>\n<p>35-\u00e5ringen vill prioritera familjen.\u00a0<\/p>\n<p>\u201dVi \u00f6nskar honom fortsatt framg\u00e5ng\u201d, skriver touren i ett pressmeddelande.\u00a0<\/p>\n<p>Senaste sportklippen fr\u00e5n Expressen.<img   alt=\"\"\/><\/p>\n<p>Brooks Koepka l\u00e4mnar LIV-touren.<\/p>\n<p>Foto: RICHARD SELLERS \/ STELLA PICTURES \/ PA<\/p>\n<p>\u00d6ppna bild i helsk\u00e4rm<img loading=\"lazy\"   alt=\"\"\/><\/p>\n<p>Brooks Koepka med sin fru Jena Sims, som han nu vill prioritera.<\/p>\n<p>Foto: Andy Kropa \/ AP TT NYHETSBYR\u00c5N<\/p>\n<p>\u00d6ppna bild i helsk\u00e4rm<img loading=\"lazy\"   alt=\"\"\/> <\/p>\n<p>Foto: CLARE GRANT \/ REUTERS BILDBYR\u00c5N<\/p>\n<p>\u00d6ppna bild i helsk\u00e4rm<\/p>\n<p>Amerikanens kontrakt med den saudifinansierade LIV-touren str\u00e4cker sig till efter s\u00e4songen 2026.\u00a0<\/p>\n<p>Men nu har parterna i samf\u00f6rst\u00e5nd enats om att bryta kontraktet.\u00a0<\/p>\n<p>\u201dVi uppskattar den betydande inverkan han har haft p\u00e5 sporten och \u00f6nskar honom fortsatt framg\u00e5ng, b\u00e5de p\u00e5 och utanf\u00f6r banan\u201d, skriver tourens vd Scott O&#8217;Neill i ett uttalande.<\/p>\n<p>Vill vara med familjen<\/p>\n<p>Anledningen \u00e4r att stj\u00e4rnan vill tillbringa mer tid med familjen.\u00a0<\/p>\n<p>\u201dFamiljen har alltid v\u00e4glett Brooks beslut, och han k\u00e4nner att det h\u00e4r \u00e4r r\u00e4tt tillf\u00e4lle att spendera mer tid hemma, skriver Koepkas representanter.\u00a0<\/p>\n<p>Framtiden oklar<\/p>\n<p>Koepka har vunnit fem majors under sin karri\u00e4r, men har haft en tuff s\u00e4song bakom sig d\u00e4r han missade cutten i tre av fyra majors. Det \u00e4r f\u00f6r tillf\u00e4llet oklart vad som v\u00e4ntar h\u00e4rn\u00e4st.\u00a0<\/p>\n<p>\u201dBrooks \u00e4r fortfarande passionerad f\u00f6r golfspelet och kommer att h\u00e5lla fansen uppdaterade om vad som h\u00e4nder fram\u00f6ver\u201d, st\u00e5r det i uttalandet.\u00a0<\/p>\n<p>\u00c4nnu har ingen spelare tagit klivet tillbaka till PGA-touren fr\u00e5n LIV-touren.\u00a0<\/p>\n<p>Under kv\u00e4llen gick dock PGA-touren ut med ett <a href=\"https:\/\/x.com\/pgatourcomms\/status\/2003586432473137238?s=46&amp;t=2C4jvmwICjiUhhFLREcWPg\" rel=\"nofollow\">uttalande<\/a> som skulle kunna vara ett tecken p\u00e5 att n\u00e5got \u00e4r p\u00e5 g\u00e5ng.\u00a0<\/p>\n<p>\u201dBrooks Koepka \u00e4r en mycket framg\u00e5ngsrik golfspelare, och vi \u00f6nskar honom och hans familj fortsatt framg\u00e5ng. PGA TOUR forts\u00e4tter att erbjuda de b\u00e4sta professionella golfspelarna den mest konkurrenskraftiga, utmanande och lukrativa milj\u00f6n att str\u00e4va efter storhet i\u201d, skriver de<\/p>\n<p>Kontroversiell tour\u00a0<\/p>\n<p>Koepka ansl\u00f6t till den kontroversiella touren 2022 och har varit lagkapten f\u00f6r laget Smash GC. I hans st\u00e4lle kliver Talor Gooch in och leder laget.\u00a0<\/p>\n<p>N\u00e4r LIV-touren startade 2022 skapade det stora rubriker i idrottsv\u00e4rlden. Fr\u00e4mst eftersom den finansieras av Saudiarabiens statliga investeringsfond (Pif). Landet anklagas f\u00f6r bristande m\u00e4nskliga r\u00e4ttigheter och m\u00e5nga ser investeringen i sport som ett s\u00e4tt att tv\u00e4tta landets rykte.\u00a0<\/p>\n","protected":false},"excerpt":{"rendered":"Publicerad 23 dec 2025 kl 22.58Uppdaterad kl 23.59 Den femfaldige majorvinnaren Brooks Koepka l\u00e4mnar LIV-touren.\u00a0 35-\u00e5ringen vill prioritera&hellip;\n","protected":false},"author":2,"featured_media":115681,"comment_status":"","ping_status":"","sticky":false,"template":"","format":"standard","meta":{"footnotes":""},"categories":[68],"tags":[34,895,111,110,31,33,32,30],"class_list":{"0":"post-115680","1":"post","2":"type-post","3":"status-publish","4":"format-standard","5":"has-post-thumbnail","7":"category-sport","8":"tag-se","9":"tag-sections-golf","10":"tag-sport","11":"tag-sports","12":"tag-svenska","13":"tag-sverige","14":"tag-sweden","15":"tag-swedish"},"share_on_mastodon":{"url":"https:\/\/pubeurope.com\/@se\/115774390493857164","error":""},"_links":{"self":[{"href":"https:\/\/www.europesays.com\/se\/wp-json\/wp\/v2\/posts\/115680","targetHints":{"allow":["GET"]}}],"collection":[{"href":"https:\/\/www.europesays.com\/se\/wp-json\/wp\/v2\/posts"}],"about":[{"href":"https:\/\/www.europesays.com\/se\/wp-json\/wp\/v2\/types\/post"}],"author":[{"embeddable":true,"href":"https:\/\/www.europesays.com\/se\/wp-json\/wp\/v2\/users\/2"}],"replies":[{"embeddable":true,"href":"https:\/\/www.europesays.com\/se\/wp-json\/wp\/v2\/comments?post=115680"}],"version-history":[{"count":0,"href":"https:\/\/www.europesays.com\/se\/wp-json\/wp\/v2\/posts\/115680\/revisions"}],"wp:featuredmedia":[{"embeddable":true,"href":"https:\/\/www.europesays.com\/se\/wp-json\/wp\/v2\/media\/115681"}],"wp:attachment":[{"href":"https:\/\/www.europesays.com\/se\/wp-json\/wp\/v2\/media?parent=115680"}],"wp:term":[{"taxonomy":"category","embeddable":true,"href":"https:\/\/www.europesays.com\/se\/wp-json\/wp\/v2\/categories?post=115680"},{"taxonomy":"post_tag","embeddable":true,"href":"https:\/\/www.europesays.com\/se\/wp-json\/wp\/v2\/tags?post=115680"}],"curies":[{"name":"wp","href":"https:\/\/api.w.org\/{rel}","templated":true}]}}