{"id":115695,"date":"2025-12-24T12:16:37","date_gmt":"2025-12-24T12:16:37","guid":{"rendered":"https:\/\/www.europesays.com\/se\/115695\/"},"modified":"2025-12-24T12:16:37","modified_gmt":"2025-12-24T12:16:37","slug":"har-dyker-bjorn-ulvaeus-plotsligt-upp-i-julkalendern","status":"publish","type":"post","link":"https:\/\/www.europesays.com\/se\/115695\/","title":{"rendered":"H\u00e4r dyker Bj\u00f6rn Ulvaeus pl\u00f6tsligt upp i julkalendern"},"content":{"rendered":"<p>Publicerad 24 dec 2025 kl 10.24Uppdaterad kl 12.31<\/p>\n<p>Inger Nilssons karakt\u00e4r \u201dNettan\u201d har tjatat hela december om att en k\u00e4ndis ska komma till den lilla byn.<\/p>\n<p>I sista avsnittet av SVT:s julkalender \u201dTidstjuven\u201d sl\u00e5r hennes \u00f6nskan in \u2013 n\u00e4r Abba-legenden Bj\u00f6rn Ulvaeus dyker upp.<\/p>\n<p><img   alt=\"\"\/><\/p>\n<p>Julkalendern spelades delvis in i V\u00e4stervik, d\u00e4r Ulvaeus driver hotell.<\/p>\n<p>Foto: SVT<\/p>\n<p>\u00d6ppna bild i helsk\u00e4rm<img loading=\"lazy\"   alt=\"\"\/><\/p>\n<p>Inger Nilssons karakt\u00e4r Nettan missar den k\u00e4nda g\u00e4sten.<\/p>\n<p>Foto: SVT<\/p>\n<p>\u00d6ppna bild i helsk\u00e4rm<img loading=\"lazy\"   alt=\"\"\/> <\/p>\n<p>Foto: SVT<\/p>\n<p>\u00d6ppna bild i helsk\u00e4rm<\/p>\n<p>Den fiktiva lilla staden Kr\u00e5ksj\u00f6 har varit sk\u00e5deplats f\u00f6r \u00e5rets julkalender, \u201dTidstjuven\u201d, som handlar om 11-\u00e5rige Clint som rest genom tiden.\u00a0<\/p>\n<p>En av karakt\u00e4rerna i julkalendern har spelats av Inger Nilsson. \u201dNettan\u201d, som fris\u00f6ren i Kr\u00e5ksj\u00f6 heter, har hela s\u00e4songen pratat om att en k\u00e4nd person ska bes\u00f6ka Kr\u00e5ksj\u00f6.<\/p>\n<p>Och pl\u00f6tsligt h\u00e4nder det.<\/p>\n<p>Missen<\/p>\n<p>N\u00e5gra minuter in i sista avsnittet, som sl\u00e4pps p\u00e5 julafton, kliver en stork\u00e4ndis in p\u00e5 fris\u00f6rsalongen i Kr\u00e5ksj\u00f6. Bj\u00f6rn Ulvaeus, 80, kommer in tillsammans med sin hund.<\/p>\n<p>\u2013 God jul i stugan! Jag undrar, klipper ni hundar ocks\u00e5? s\u00e4ger s\u00e5ngaren och l\u00e5tskrivaren.\u00a0<\/p>\n<p>\u201dNettan\u201d sitter dock i telefon \u2013 och missar det celebra bes\u00f6ket.\u00a0<\/p>\n<p>\u2013 Inte just nu, jag \u00e4r upptagen! s\u00e4ger \u201dNettan\u201d med ryggen mot Ulvaeus.\u00a0<\/p>\n<p>F\u00f6rklaringen: \u201dLite kul\u201d<\/p>\n<p>Ulvaeus \u201dcameo\u201d varar i ungef\u00e4r femton sekunder.\u00a0<\/p>\n<p>Kalendern \u00e4r delvis inspelad i V\u00e4stervik, dit Bj\u00f6rn Ulvaeus har starka kopplingar. Julkalenderns regiss\u00f6r Calle \u00c5strand \u00e4r fr\u00e5n staden, och k\u00e4nner <a href=\"https:\/\/www.expressen.se\/tagg\/organization\/abba\/\" class=\"\" rel=\"nofollow noopener\" target=\"_blank\">Abba<\/a>-stj\u00e4rnan.<\/p>\n<p>\u2013 Vi k\u00e4nner varandra fr\u00e5n v\u00e5rt engagemang i visfestivalen i V\u00e4stervik. Och n\u00e4r man t\u00e4nker p\u00e5 hur man ska avsluta \u201dNettans\u201d historia, som ju har tjatat om k\u00e4ndisar hela s\u00e4songen, s\u00e5 \u00e4r det lite kul att just han dyker upp, s\u00e4ger \u00c5strand.\u00a0<\/p>\n<p>Scenen med Ulvaeus \u00e4r d\u00e4remot inspelad i Stockholm.<\/p>\n","protected":false},"excerpt":{"rendered":"Publicerad 24 dec 2025 kl 10.24Uppdaterad kl 12.31 Inger Nilssons karakt\u00e4r \u201dNettan\u201d har tjatat hela december om att&hellip;\n","protected":false},"author":2,"featured_media":115696,"comment_status":"","ping_status":"","sticky":false,"template":"","format":"standard","meta":{"footnotes":""},"categories":[67],"tags":[104,2682,4145,34,31,33,32,30,105],"class_list":{"0":"post-115695","1":"post","2":"type-post","3":"status-publish","4":"format-standard","5":"has-post-thumbnail","7":"category-underhallning","8":"tag-entertainment","9":"tag-organization-abba","10":"tag-person-bjorn-ulvaeus","11":"tag-se","12":"tag-svenska","13":"tag-sverige","14":"tag-sweden","15":"tag-swedish","16":"tag-underhallning"},"share_on_mastodon":{"url":"https:\/\/pubeurope.com\/@se\/115774500583323416","error":""},"_links":{"self":[{"href":"https:\/\/www.europesays.com\/se\/wp-json\/wp\/v2\/posts\/115695","targetHints":{"allow":["GET"]}}],"collection":[{"href":"https:\/\/www.europesays.com\/se\/wp-json\/wp\/v2\/posts"}],"about":[{"href":"https:\/\/www.europesays.com\/se\/wp-json\/wp\/v2\/types\/post"}],"author":[{"embeddable":true,"href":"https:\/\/www.europesays.com\/se\/wp-json\/wp\/v2\/users\/2"}],"replies":[{"embeddable":true,"href":"https:\/\/www.europesays.com\/se\/wp-json\/wp\/v2\/comments?post=115695"}],"version-history":[{"count":0,"href":"https:\/\/www.europesays.com\/se\/wp-json\/wp\/v2\/posts\/115695\/revisions"}],"wp:featuredmedia":[{"embeddable":true,"href":"https:\/\/www.europesays.com\/se\/wp-json\/wp\/v2\/media\/115696"}],"wp:attachment":[{"href":"https:\/\/www.europesays.com\/se\/wp-json\/wp\/v2\/media?parent=115695"}],"wp:term":[{"taxonomy":"category","embeddable":true,"href":"https:\/\/www.europesays.com\/se\/wp-json\/wp\/v2\/categories?post=115695"},{"taxonomy":"post_tag","embeddable":true,"href":"https:\/\/www.europesays.com\/se\/wp-json\/wp\/v2\/tags?post=115695"}],"curies":[{"name":"wp","href":"https:\/\/api.w.org\/{rel}","templated":true}]}}