{"id":115716,"date":"2025-12-24T13:05:12","date_gmt":"2025-12-24T13:05:12","guid":{"rendered":"https:\/\/www.europesays.com\/se\/115716\/"},"modified":"2025-12-24T13:05:12","modified_gmt":"2025-12-24T13:05:12","slug":"varmaste-december-nagonsin-i-norge","status":"publish","type":"post","link":"https:\/\/www.europesays.com\/se\/115716\/","title":{"rendered":"Varmaste december n\u00e5gonsin i Norge"},"content":{"rendered":"<p>share-arrowDela<\/p>\n<p>unsaveSpara<\/p>\n<p>expand-left<\/p>\n<p>helsk\u00e4rm<img decoding=\"async\" class=\"image-asset hyperion-css-u06ts1\" data-test-tag=\"image-asset\" src=\"https:\/\/www.europesays.com\/se\/wp-content\/uploads\/2025\/12\/11a1ebea-3259-4cb9-b7c1-50c26498145f\"  alt=\"Lofoten i Norge. Arkivbild.\"  loading=\"eager\" fetchpriority=\"high\" style=\"aspect-ratio:1900 \/ 1267\"\/>Lofoten i Norge. Arkivbild. Foto: Magnus Hjalmarson Neideman\/Svd\/TT<\/p>\n<p class=\"hyperion-css-1v9qo5x\">\u00c5rets december har hittills varit ovanligt varm i Norge med ett medelv\u00e4rde p\u00e5 3,1 grader \u00f6ver det normala. P\u00e5 vissa h\u00e5ll har det varit den varmaste decemberm\u00e5naden n\u00e5gonsin.<\/p>\n<p class=\"hyperion-css-1v9qo5x\">\u2013 Detta har varit den varmaste starten p\u00e5 december som n\u00e5gonsin uppm\u00e4tts i Bergen och Oslo, s\u00e4ger jourhavande meteorolog Geir Otta Fagerlid till norska NTB.<\/p>\n<p class=\"hyperion-css-1v9qo5x\">\u00c4ven i norra Norge \u00e4r det sannolikt v\u00e4rmerekord p\u00e5 m\u00e5nga platser p\u00e5 sj\u00e4lva julafton, skriver NTB.<\/p>\n<p class=\"hyperion-css-1v9qo5x\">P\u00e5 flera platser i Nordnorge \u00e4r lavinrisken p\u00e5 r\u00f6d niv\u00e5 p\u00e5 grund av milda temperaturer och kraftigt regn.<\/p>\n","protected":false},"excerpt":{"rendered":"share-arrowDela unsaveSpara expand-left helsk\u00e4rmLofoten i Norge. Arkivbild. Foto: Magnus Hjalmarson Neideman\/Svd\/TT \u00c5rets december har hittills varit ovanligt varm&hellip;\n","protected":false},"author":2,"featured_media":115717,"comment_status":"","ping_status":"","sticky":false,"template":"","format":"standard","meta":{"footnotes":""},"categories":[14],"tags":[22,23,26,27,17,21,24,25,28,29,15,16,18,34,31,33,32,30,19,20,51,52,53,54],"class_list":{"0":"post-115716","1":"post","2":"type-post","3":"status-publish","4":"format-standard","5":"has-post-thumbnail","7":"category-varlden","8":"tag-breaking-news","9":"tag-breakingnews","10":"tag-featured-news","11":"tag-featurednews","12":"tag-headlines","13":"tag-huvudnyheter","14":"tag-latest-news","15":"tag-latestnews","16":"tag-main-news","17":"tag-mainnews","18":"tag-news","19":"tag-nyheter","20":"tag-rubriker","21":"tag-se","22":"tag-svenska","23":"tag-sverige","24":"tag-sweden","25":"tag-swedish","26":"tag-top-stories","27":"tag-topstories","28":"tag-varlden","29":"tag-world","30":"tag-world-news","31":"tag-worldnews"},"share_on_mastodon":{"url":"https:\/\/pubeurope.com\/@se\/115774693550829272","error":""},"_links":{"self":[{"href":"https:\/\/www.europesays.com\/se\/wp-json\/wp\/v2\/posts\/115716","targetHints":{"allow":["GET"]}}],"collection":[{"href":"https:\/\/www.europesays.com\/se\/wp-json\/wp\/v2\/posts"}],"about":[{"href":"https:\/\/www.europesays.com\/se\/wp-json\/wp\/v2\/types\/post"}],"author":[{"embeddable":true,"href":"https:\/\/www.europesays.com\/se\/wp-json\/wp\/v2\/users\/2"}],"replies":[{"embeddable":true,"href":"https:\/\/www.europesays.com\/se\/wp-json\/wp\/v2\/comments?post=115716"}],"version-history":[{"count":0,"href":"https:\/\/www.europesays.com\/se\/wp-json\/wp\/v2\/posts\/115716\/revisions"}],"wp:featuredmedia":[{"embeddable":true,"href":"https:\/\/www.europesays.com\/se\/wp-json\/wp\/v2\/media\/115717"}],"wp:attachment":[{"href":"https:\/\/www.europesays.com\/se\/wp-json\/wp\/v2\/media?parent=115716"}],"wp:term":[{"taxonomy":"category","embeddable":true,"href":"https:\/\/www.europesays.com\/se\/wp-json\/wp\/v2\/categories?post=115716"},{"taxonomy":"post_tag","embeddable":true,"href":"https:\/\/www.europesays.com\/se\/wp-json\/wp\/v2\/tags?post=115716"}],"curies":[{"name":"wp","href":"https:\/\/api.w.org\/{rel}","templated":true}]}}