{"id":115718,"date":"2025-12-24T13:07:17","date_gmt":"2025-12-24T13:07:17","guid":{"rendered":"https:\/\/www.europesays.com\/se\/115718\/"},"modified":"2025-12-24T13:07:17","modified_gmt":"2025-12-24T13:07:17","slug":"ryskt-ubatsjaktflyg-forstort-tyska-afd-ska-spionerat-at-kreml-gummifabrik-i-ryska-tula-bombad-cornucopia","status":"publish","type":"post","link":"https:\/\/www.europesays.com\/se\/115718\/","title":{"rendered":"Ryskt ub\u00e5tsjaktflyg f\u00f6rst\u00f6rt \u2013 tyska AfD ska spionerat \u00e5t Kreml \u2013 gummifabrik i ryska Tula bombad \u2013 Cornucopia?"},"content":{"rendered":"<p>\t\t\t296<\/p>\n<p>Inf\u00f6r torpederingen av ub\u00e5ten i ryska \u00f6rlogshamnen i Novorossijsk slog Ukraina ut Rysslands enda ub\u00e5tsjaktflyg i Svarta Havet offentligg\u00f6rs nu. Det tyska Elon Musk-st\u00f6dda fascistpartiet AfD anklagas f\u00f6r att spionerat \u00e5t Kreml och samlat in uppgifter om transporter av milit\u00e4rt st\u00f6d till Ukraina. Explosioner och brand ska skett i en fabrik f\u00f6r syntetiskt gummi i ryska Tula Oblast.<\/p>\n<p><img loading=\"lazy\" decoding=\"async\" width=\"1600\" height=\"1200\" src=\"https:\/\/www.europesays.com\/se\/wp-content\/uploads\/2025\/12\/ukraina_fpvnatvag_jul_pickup_jonas.jpg\" alt=\"\" class=\"wp-image-166877\"  \/>God jul fr\u00e5n Jonas p\u00e5 en FPV-n\u00e4tad v\u00e4g n\u00e5gonstans i Ukraina Foto:\u00a0<a href=\"https:\/\/cornucopia.se\/2023\/12\/gastartikel-varfor-jag-hjalper-ukraina\/\" rel=\"nofollow noopener\" target=\"_blank\">Jonas<\/a>, st\u00f6d hans leveranser av pickuper och utrustning\u00a0direkt till frontf\u00f6rbanden\u00a0<a href=\"https:\/\/disarmamentsolutions.com\/ukraine\/donate\/jvm\" rel=\"nofollow noopener\" target=\"_blank\">via Disarmament Solutions<\/a>\u00a0eller\u00a0<a href=\"https:\/\/www.paypal.com\/paypalme\/jvmukraine\" rel=\"nofollow noopener\" target=\"_blank\">via Paypal<\/a>.\u00a0Se \u00e4ven\u00a0<a href=\"https:\/\/www.facebook.com\/jonas.matern\" rel=\"nofollow noopener\" target=\"_blank\">hans Facebook<\/a>\u00a0eller\u00a0<a href=\"https:\/\/bsky.app\/profile\/jvmukraine.bsky.social\" rel=\"nofollow noopener\" target=\"_blank\">Bluesky<\/a>.<\/p>\n<p><a href=\"https:\/\/cornucopia.se\/2022\/08\/organisationer-och-projekt-for-att-stodja-ukraina\/\" rel=\"nofollow noopener\" target=\"_blank\"><strong>Organisationer och projekt att st\u00f6dja f\u00f6r att hj\u00e4lpa Ukraina hittar du h\u00e4r<\/strong><\/a>.\u00a0<strong>Ditt st\u00f6d g\u00f6r verklig skillnad, r\u00e4ddar liv, st\u00f6der Ukrainas f\u00f6rsvar och hj\u00e4lper att besegra den fascistiska fundamentalistiska diktaturen Ryssland.<\/strong><\/p>\n<p><img loading=\"lazy\" decoding=\"async\" width=\"2048\" height=\"1536\" src=\"https:\/\/www.europesays.com\/se\/wp-content\/uploads\/2025\/12\/ryssland_il-38_il-22-2048x1536.jpg\" alt=\"\" class=\"wp-image-107220\"  \/>Ryskt Il-38N ub\u00e5tsjaktflyg<\/p>\n<p><strong>Ukrainas s\u00e4kerhetstj\u00e4nst SBU slog ut Rysslands enda ub\u00e5tsjakt IL-38N inf\u00f6r torpederingen av ub\u00e5ten i Novorossijsk \u00f6rlogshamn<\/strong> offentligg\u00f6r s\u00e4kerhetstj\u00e4nsten nu <a href=\"https:\/\/www.facebook.com\/reel\/1390029649473093\" rel=\"nofollow noopener\" target=\"_blank\">p\u00e5 sin officiella Facebook, d\u00e4r man publicerar en film p\u00e5 det hela<\/a>. Flygplanet var det enda som Ryssland hade i omr\u00e5det som kunde detektera undervattensfarkoster som ub\u00e5tar eller i detta fall en styrd torped (\u201cundervattensdr\u00f6nare\u201d som det kallas numera, men styrda torpeder \u00e4r inget nytt alls).<\/p>\n<p>Motorer och sj\u00e4lva sensorutrustningen ombord p\u00e5 flygplanet ska tr\u00e4ffats.<\/p>\n<p><img loading=\"lazy\" decoding=\"async\" width=\"2048\" height=\"1536\" src=\"https:\/\/www.europesays.com\/se\/wp-content\/uploads\/2025\/12\/tyskland_berlin_riksdagen_nya.jpeg\" alt=\"\" class=\"wp-image-104104\"  \/>Tysklands nya F\u00f6rbundsdag intill gamla Riksdagen<\/p>\n<p><strong>Det tyska Elon Musk-st\u00f6dda fascistpartiet AfD anklagas f\u00f6r att ha samlat in uppgifter om leveranser av milit\u00e4rt st\u00f6d till Ukraina \u00e5t Kreml<\/strong> <a href=\"https:\/\/www.politico.eu\/article\/germanys-far-right-afd-accused-of-gathering-information-for-the-kremlin\/\" rel=\"nofollow noopener\" target=\"_blank\">rapporterar Politico<\/a>. Det handlar om transportrutter, tidpunkter, antal leveranser, k\u00e4nda punkter d\u00e4r leveranserna stannar med mera.<\/p>\n<p>Det hela har skett genom \u00f6ppna f\u00f6rfr\u00e5gningar som parlamentariker, men bygger tillsammans ett m\u00f6nster. En konservativ parlamentariker och ordfd\u00f6rande f\u00f6r Tysklands s\u00e4rskilda utskott f\u00f6r underr\u00e4ttelsetj\u00e4nst s\u00e4ger:<\/p>\n<blockquote class=\"wp-block-quote is-layout-flow wp-block-quote-is-layout-flow\">\n<p>\u201cAnd what I have regularly heard from various ministries is that individual inquiries are not really the problem. But when you look at these individual inquiries side by side, you get a picture, for example, of travel routes, aid supplies, and military goods to or in the direction of Ukraine.\u201d<\/p>\n<\/blockquote>\n<p>AfD \u00e4r putinister och st\u00f6der Kreml.<\/p>\n<p><strong>Efter explosioner ska en st\u00f6rre brand utbrutit i en fabrik f\u00f6r syntetiskt gummi i ryska Tula Oblast<\/strong>, men orsakerna anges som ok\u00e4nda <a href=\"http:\/\/Inf\u00f6r torpederingen av ub\u00e5ten i ryska \u00f6rlogshamnen i Novorossijsk slog Ukraina ut Rysslands enda ub\u00e5tsjaktflyg i Svarta Havet offentligg\u00f6rs nu. Det tyska Elon Musk-st\u00f6dda fascistpartiet AfD anklagas f\u00f6r att spionerat \u00e5t Kreml och samlat in uppgifter om transporter av milit\u00e4rt st\u00f6d till Ukraina. Explosioner och brand ska skett i en fabrik f\u00f6r syntetiskt gummi i ryska Tula Oblast.\" rel=\"nofollow\">skriver Kyiv Post<\/a>. Det hela ska intr\u00e4ffat mellan tre och fyra lokal tid i natt och det uppges h\u00f6rts tio explosioner vid tretiden. Ryssarna h\u00e4vdar f\u00f6rst\u00e5s att de sk\u00f6t ner en massa ukrainska dr\u00f6narrobotar och att inget tr\u00e4ffades av nedfallande vrakdelar men att \u201cen brand utbr\u00f6t p\u00e5 ett f\u00f6retags omr\u00e5de i Tula Oblast\u201d.<\/p>\n<p><strong>Artikeln uppdateras. Vi diskuterar Rysslands krig i Ukraina, f\u00f6rsvar och n\u00e4rliggande \u00e4mnen h\u00e4r. Andra \u00e4mnen kan hanteras i andra artiklar, t ex morgonens ekonomiartikel i till\u00e4mpliga fall.\u00a0<\/strong><strong>Slava Ukraini! Heroiam slava! Razom do peremohi! Smert voroham!<\/strong><\/p>\n<p><img loading=\"lazy\" decoding=\"async\" width=\"2048\" height=\"1536\" src=\"https:\/\/www.europesays.com\/se\/wp-content\/uploads\/2025\/12\/stockholm_spritmuseum_fredrik_leijerstam_jonas_hard_af_segerstad-2048x1536.jpeg\" alt=\"\" class=\"wp-image-166882\"  \/>Auktion av tavla donerad av Fredrik Leijerstam till v\u00e4nster, med 1forUkraines Jonas H\u00e5rd af Segerstad till h\u00f6ger i bild. Ukrainsk flykting mitt i bild vid tavlan. Foto fr\u00e5n 1forUkraines v\u00e4lg\u00f6renhetsmiddag p\u00e5 Spritmuseum i h\u00f6stas.<\/p>\n<p><strong>11:02<\/strong> <a href=\"https:\/\/1forukraine.com\" rel=\"nofollow noopener\" target=\"_blank\">1forUkraine<\/a> har skaffat 90-konto och har nu <strong>bankgiro 900-9705 och Swish 900-9705<\/strong>. Man har just nu ett projekt f\u00f6r att leverera en elektrokirurgisk enhet till regionsjukhuset i Charkiv. Utrustningen anv\u00e4nds dagligen i akuta kirurgiska ingrepp och kan direkt avg\u00f6ra om en patient \u00f6verlever.<\/p>\n<p><strong>Man har fortfarande behov av mer pengar till utrustningen om ni \u00e4nnu inte gett en julg\u00e5va till Ukraina.<\/strong><\/p>\n<p>N\u00e4sta steg \u00e4r att man nu med 90-konto ska f\u00e5 registrerat sig f\u00f6r avdragsgill v\u00e4lg\u00f6renhet hos Skatteverket, vilket i s\u00e5 fall vad jag vet blir f\u00f6rsta Ukrainaorganisationen som uppn\u00e5r det. Det finns strikta krav f\u00f6r att kunna omfattas av skattereduktionen, och organisationer som ger icke-humanit\u00e4rt st\u00f6d till frontf\u00f6rbanden kan inte uppn\u00e5 dessa krav. <\/p>\n<p>Att f\u00e5 90-konto st\u00e4ller i sin tur formella krav p\u00e5 transparens och v\u00e4lg\u00f6renhetsarbetet, vilket 1forUkraine allts\u00e5 uppfyller.<\/p>\n<p>Noterar samtidigt att tyv\u00e4rr fr\u00e5nvarande och h\u00f6gavl\u00f6nade UNHCR g\u00f6r reklam p\u00e5 Google om man s\u00f6ker p\u00e5 Ukraina, och f\u00f6rs\u00f6ker sno \u00e5t sig Ukrainapengar s\u00e5 deras h\u00f6gavl\u00f6nade personal ska f\u00e5 l\u00f6ner. Ge inte dem n\u00e5got.<\/p>\n<p><strong>11:32<\/strong> Ryssarna verkar ha lyckats l\u00e4nspumpa tankfartyget som s\u00e4nktes i Don vid Rostov-na-Don. <a href=\"https:\/\/bsky.app\/profile\/wartranslated.bsky.social\/post\/3maq2kcahak25\" rel=\"nofollow noopener\" target=\"_blank\">P\u00e5 filmen h\u00e4r ser man hur skadorna p\u00e5 skrovet fr\u00e5n tr\u00e4ffen ser ut<\/a>.<\/p>\n<p><img loading=\"lazy\" decoding=\"async\" width=\"2048\" height=\"1536\" src=\"https:\/\/www.europesays.com\/se\/wp-content\/uploads\/2025\/12\/ryssland_moskva_roda_torget_omon_polis.jpg\" alt=\"\" class=\"wp-image-4161\"\/>Rysk inrikestrupp p\u00e5 R\u00f6da Torget<\/p>\n<p><strong>12:23<\/strong> Tv\u00e5 ryska inrikestrupper tillh\u00f6rande ryska inrikesministeriet ska eliminerats p\u00e5 Jeletskagatan i Moskva och tv\u00e5 skadats sv\u00e5rt genom att en lokalt boende ska sl\u00e4ngt in en spr\u00e4ngladdning i deras bil. De tv\u00e5 eliminerade ska deltagit i tortyr av tillf\u00e5ngatagna ukrainare <a href=\"https:\/\/en.interfax.com.ua\/news\/general\/1130990.html\" rel=\"nofollow noopener\" target=\"_blank\">skriver ukrainska Interfax<\/a>.<\/p>\n<p><strong>12:28<\/strong> Ryssland ska skjutit ner fyra av fem FP-5 Flamingo tynga kryssningsrobotar som Ukraina nyligen avfyrade. Den femte tr\u00e4ffade sitt m\u00e5l <a href=\"https:\/\/www.ukrinform.ua\/rubric-ato\/4072940-zelenskij-rozpoviv-pro-vidsotok-vlucnosti-raket-flamingo-i-neptun.html\" rel=\"nofollow noopener\" target=\"_blank\">skriver Ukrinform<\/a>.<\/p>\n<p>KOMMENTAR<\/p>\n<p>F\u00f6rmodligen handlade det om ett h\u00f6gkvalificerat m\u00e5l med tanke p\u00e5 att det hade rej\u00e4lt luftv\u00e4rnsskydd. FP-5 Flamingo \u00e4r s\u00e5 stor s\u00e5 att \u00e4ven luftv\u00e4rnrobotar som normalt bara kan skjuta ner flygplan kan verka mot den, medan m\u00e5nga ryska system inte kan skjuta ner mindre och l\u00e5ngsammare dr\u00f6narrobotar.<\/p>\n","protected":false},"excerpt":{"rendered":"296 Inf\u00f6r torpederingen av ub\u00e5ten i ryska \u00f6rlogshamnen i Novorossijsk slog Ukraina ut Rysslands enda ub\u00e5tsjaktflyg i Svarta&hellip;\n","protected":false},"author":2,"featured_media":115719,"comment_status":"","ping_status":"","sticky":false,"template":"","format":"standard","meta":{"footnotes":""},"categories":[5],"tags":[22,23,26,27,17,21,24,25,28,29,15,16,18,34,31,33,32,30,19,20],"class_list":{"0":"post-115718","1":"post","2":"type-post","3":"status-publish","4":"format-standard","5":"has-post-thumbnail","7":"category-rubriker","8":"tag-breaking-news","9":"tag-breakingnews","10":"tag-featured-news","11":"tag-featurednews","12":"tag-headlines","13":"tag-huvudnyheter","14":"tag-latest-news","15":"tag-latestnews","16":"tag-main-news","17":"tag-mainnews","18":"tag-news","19":"tag-nyheter","20":"tag-rubriker","21":"tag-se","22":"tag-svenska","23":"tag-sverige","24":"tag-sweden","25":"tag-swedish","26":"tag-top-stories","27":"tag-topstories"},"share_on_mastodon":{"url":"https:\/\/pubeurope.com\/@se\/115774701362664895","error":""},"_links":{"self":[{"href":"https:\/\/www.europesays.com\/se\/wp-json\/wp\/v2\/posts\/115718","targetHints":{"allow":["GET"]}}],"collection":[{"href":"https:\/\/www.europesays.com\/se\/wp-json\/wp\/v2\/posts"}],"about":[{"href":"https:\/\/www.europesays.com\/se\/wp-json\/wp\/v2\/types\/post"}],"author":[{"embeddable":true,"href":"https:\/\/www.europesays.com\/se\/wp-json\/wp\/v2\/users\/2"}],"replies":[{"embeddable":true,"href":"https:\/\/www.europesays.com\/se\/wp-json\/wp\/v2\/comments?post=115718"}],"version-history":[{"count":0,"href":"https:\/\/www.europesays.com\/se\/wp-json\/wp\/v2\/posts\/115718\/revisions"}],"wp:featuredmedia":[{"embeddable":true,"href":"https:\/\/www.europesays.com\/se\/wp-json\/wp\/v2\/media\/115719"}],"wp:attachment":[{"href":"https:\/\/www.europesays.com\/se\/wp-json\/wp\/v2\/media?parent=115718"}],"wp:term":[{"taxonomy":"category","embeddable":true,"href":"https:\/\/www.europesays.com\/se\/wp-json\/wp\/v2\/categories?post=115718"},{"taxonomy":"post_tag","embeddable":true,"href":"https:\/\/www.europesays.com\/se\/wp-json\/wp\/v2\/tags?post=115718"}],"curies":[{"name":"wp","href":"https:\/\/api.w.org\/{rel}","templated":true}]}}