{"id":115720,"date":"2025-12-24T13:09:28","date_gmt":"2025-12-24T13:09:28","guid":{"rendered":"https:\/\/www.europesays.com\/se\/115720\/"},"modified":"2025-12-24T13:09:28","modified_gmt":"2025-12-24T13:09:28","slug":"bollnas-bandy-ar-djupt-berorda-och-starkt-upprorda-over-de-handelser-som-intraffade-i-samband-med-var-senaste-match","status":"publish","type":"post","link":"https:\/\/www.europesays.com\/se\/115720\/","title":{"rendered":"Bolln\u00e4s Bandy \u00e4r djupt ber\u00f6rda och starkt uppr\u00f6rda \u00f6ver de h\u00e4ndelser som intr\u00e4ffade i samband med v\u00e5r senaste match."},"content":{"rendered":"<p>\t\t\t\t\t\t23 dec Bolln\u00e4s Bandy \u00e4r djupt ber\u00f6rda och starkt uppr\u00f6rda \u00f6ver de h\u00e4ndelser som intr\u00e4ffade i samband med v\u00e5r senaste match.<\/p>\n<p>\t\t\t\t\t\t\tPosted at 09:41h<br \/>\n\t\t\t\t\t\t\tin <a href=\"https:\/\/bollnasbandy.se\/category\/nyheter\/\" rel=\"category tag nofollow noopener\" target=\"_blank\">Nyheter<\/a><br \/>\n\t\t\t\t\t\t\t\tby\t\t\t\t\t\t\t\t<a itemprop=\"author\" class=\"post_author_link\" href=\"https:\/\/bollnasbandy.se\/author\/par\/\" rel=\"nofollow noopener\" target=\"_blank\">P\u00e4r Linde<\/a><\/p>\n<p>V\u00e5r spelare Simon Jansson utsattes f\u00f6r grova verbala trakasserier d\u00e4r hans familj \u2013 hans fru och hans barn \u2013 drogs in och anv\u00e4ndes som m\u00e5ltavlor. Det \u00e4r ord som s\u00e5rar p\u00e5 djupet och som l\u00e4mnar sp\u00e5r l\u00e5ngt bortom en idrottsplan.<\/p>\n<p>Att rikta angrepp mot anh\u00f6riga, och i synnerhet barn, \u00e4r inte bara ov\u00e4rdigt \u2013 det \u00e4r fullst\u00e4ndigt oacceptabelt.<\/p>\n<p>Detta var inte en isolerad h\u00e4ndelse. Under en l\u00e4ngre tid har Simon Jansson tvingats utst\u00e5 \u00e5terkommande verbala angrepp i samband med matcher. I flera fall har dessa haft en direkt och medveten koppling till hans familj. Att detta f\u00e5tt fortg\u00e5 \u00e4r djupt oroande.<\/p>\n<p>Bolln\u00e4s Bandy st\u00e5r orubbligt bakom Simon Jansson och hans familj. Vi accepterar inte hot, trakasserier eller kr\u00e4nkningar \u2013 vare sig p\u00e5 eller utanf\u00f6r planen.<\/p>\n<p>Idrott ska bygga p\u00e5 respekt, gemenskap och trygghet. N\u00e4r barn och anh\u00f6riga dras in har vi passerat en gr\u00e4ns som aldrig, under n\u00e5gra omst\u00e4ndigheter, f\u00e5r \u00f6verskridas.<\/p>\n<p>Nu kr\u00e4vs att alla tar ansvar. Bolln\u00e4s Bandy f\u00f6rv\u00e4ntar sig att ber\u00f6rda akt\u00f6rer inom svensk bandy tar detta p\u00e5 st\u00f6rsta allvar och agerar kraftfullt f\u00f6r att s\u00e4kerst\u00e4lla att s\u00e5dant h\u00e4r beteende aldrig accepteras. Vi ber \u00e4ven att alla vuxna personer som st\u00e5r p\u00e5 l\u00e4ktaren och skriker okv\u00e4dningsord om barn rannsakar sitt agerande \u2013 f\u00f6r det \u00e4r aldrig okej<\/p>\n","protected":false},"excerpt":{"rendered":"23 dec Bolln\u00e4s Bandy \u00e4r djupt ber\u00f6rda och starkt uppr\u00f6rda \u00f6ver de h\u00e4ndelser som intr\u00e4ffade i samband med&hellip;\n","protected":false},"author":2,"featured_media":115721,"comment_status":"","ping_status":"","sticky":false,"template":"","format":"standard","meta":{"footnotes":""},"categories":[68],"tags":[34,111,110,31,33,32,30],"class_list":{"0":"post-115720","1":"post","2":"type-post","3":"status-publish","4":"format-standard","5":"has-post-thumbnail","7":"category-sport","8":"tag-se","9":"tag-sport","10":"tag-sports","11":"tag-svenska","12":"tag-sverige","13":"tag-sweden","14":"tag-swedish"},"share_on_mastodon":{"url":"https:\/\/pubeurope.com\/@se\/115774708986246546","error":""},"_links":{"self":[{"href":"https:\/\/www.europesays.com\/se\/wp-json\/wp\/v2\/posts\/115720","targetHints":{"allow":["GET"]}}],"collection":[{"href":"https:\/\/www.europesays.com\/se\/wp-json\/wp\/v2\/posts"}],"about":[{"href":"https:\/\/www.europesays.com\/se\/wp-json\/wp\/v2\/types\/post"}],"author":[{"embeddable":true,"href":"https:\/\/www.europesays.com\/se\/wp-json\/wp\/v2\/users\/2"}],"replies":[{"embeddable":true,"href":"https:\/\/www.europesays.com\/se\/wp-json\/wp\/v2\/comments?post=115720"}],"version-history":[{"count":0,"href":"https:\/\/www.europesays.com\/se\/wp-json\/wp\/v2\/posts\/115720\/revisions"}],"wp:featuredmedia":[{"embeddable":true,"href":"https:\/\/www.europesays.com\/se\/wp-json\/wp\/v2\/media\/115721"}],"wp:attachment":[{"href":"https:\/\/www.europesays.com\/se\/wp-json\/wp\/v2\/media?parent=115720"}],"wp:term":[{"taxonomy":"category","embeddable":true,"href":"https:\/\/www.europesays.com\/se\/wp-json\/wp\/v2\/categories?post=115720"},{"taxonomy":"post_tag","embeddable":true,"href":"https:\/\/www.europesays.com\/se\/wp-json\/wp\/v2\/tags?post=115720"}],"curies":[{"name":"wp","href":"https:\/\/api.w.org\/{rel}","templated":true}]}}