{"id":115722,"date":"2025-12-24T13:16:21","date_gmt":"2025-12-24T13:16:21","guid":{"rendered":"https:\/\/www.europesays.com\/se\/115722\/"},"modified":"2025-12-24T13:16:21","modified_gmt":"2025-12-24T13:16:21","slug":"skidskytte-sorg-i-norge-efter-stjarnans-dod-en-mork-dag","status":"publish","type":"post","link":"https:\/\/www.europesays.com\/se\/115722\/","title":{"rendered":"Skidskytte: Sorg i Norge efter stj\u00e4rnans d\u00f6d: \u201dEn m\u00f6rk dag\u201d"},"content":{"rendered":"<p>Flera norska medier har tidigare rapporterat att Sivert Guttorm Bakken, som s\u00e5 sent som i helgen t\u00e4vlade i v\u00e4rldscupen, hade hittats d\u00f6d p\u00e5 sitt sitt hotellrum i Lavaz\u00e8 i Italien. Polisens utredning forts\u00e4tter och d\u00f6dsorsaken \u00e4r \u00e4nnu inte k\u00e4nd.<\/p>\n<p>Under tisdagskv\u00e4llen h\u00f6lls det en \u00f6ppen minnesgudstj\u00e4nst i Lillehammer kyrka f\u00f6r att minnas norrmannen. <\/p>\n<p>\u2013 Det \u00e4r ett otroligt tragiskt besked att f\u00e5. Det \u00e4r en m\u00f6rk dag och den tyngsta arbetsdagen jag n\u00e5gonsin haft i mitt liv, s\u00e4ger Emilie Nordskar, tf. generalsekreterare f\u00f6r Norges skidskyttef\u00f6rbund, till <a href=\"https:\/\/www.vg.no\/sport\/i\/7p0q3w\/minnes-sivert-guttorm-bakken-satt-enorme-spor\" rel=\"nofollow noopener\" target=\"_blank\">VG. <\/a><\/p>\n<p>\u201dSatt ett enormt avtryck\u201d<\/p>\n<p>Nordskar beskriver Bakken som \u201den helt fantastisk person och idrottare\u201d med en otrolig historia.<\/p>\n<p>\u2013 Det \u00e4r helt klart att Sivert har satt ett enormt avtryck p\u00e5 m\u00e5nga m\u00e4nniskor. Han l\u00e4mnar ett stort tomrum efter sig, s\u00e4ger hon. <\/p>\n<p>Sivert Guttorm Bakken tog EM-guld den sista januari i \u00e5r och t\u00e4vlade i v\u00e4rldscupen i helgen, d\u00e4r han blev femma i sprinten i Annecy. Han blev 27 \u00e5r gammal. <\/p>\n","protected":false},"excerpt":{"rendered":"Flera norska medier har tidigare rapporterat att Sivert Guttorm Bakken, som s\u00e5 sent som i helgen t\u00e4vlade i&hellip;\n","protected":false},"author":2,"featured_media":115723,"comment_status":"","ping_status":"","sticky":false,"template":"","format":"standard","meta":{"footnotes":""},"categories":[5],"tags":[22,23,26,27,17,21,24,25,28,29,15,16,18,34,31,33,32,30,19,20],"class_list":{"0":"post-115722","1":"post","2":"type-post","3":"status-publish","4":"format-standard","5":"has-post-thumbnail","7":"category-rubriker","8":"tag-breaking-news","9":"tag-breakingnews","10":"tag-featured-news","11":"tag-featurednews","12":"tag-headlines","13":"tag-huvudnyheter","14":"tag-latest-news","15":"tag-latestnews","16":"tag-main-news","17":"tag-mainnews","18":"tag-news","19":"tag-nyheter","20":"tag-rubriker","21":"tag-se","22":"tag-svenska","23":"tag-sverige","24":"tag-sweden","25":"tag-swedish","26":"tag-top-stories","27":"tag-topstories"},"share_on_mastodon":{"url":"https:\/\/pubeurope.com\/@se\/115774736504628141","error":""},"_links":{"self":[{"href":"https:\/\/www.europesays.com\/se\/wp-json\/wp\/v2\/posts\/115722","targetHints":{"allow":["GET"]}}],"collection":[{"href":"https:\/\/www.europesays.com\/se\/wp-json\/wp\/v2\/posts"}],"about":[{"href":"https:\/\/www.europesays.com\/se\/wp-json\/wp\/v2\/types\/post"}],"author":[{"embeddable":true,"href":"https:\/\/www.europesays.com\/se\/wp-json\/wp\/v2\/users\/2"}],"replies":[{"embeddable":true,"href":"https:\/\/www.europesays.com\/se\/wp-json\/wp\/v2\/comments?post=115722"}],"version-history":[{"count":0,"href":"https:\/\/www.europesays.com\/se\/wp-json\/wp\/v2\/posts\/115722\/revisions"}],"wp:featuredmedia":[{"embeddable":true,"href":"https:\/\/www.europesays.com\/se\/wp-json\/wp\/v2\/media\/115723"}],"wp:attachment":[{"href":"https:\/\/www.europesays.com\/se\/wp-json\/wp\/v2\/media?parent=115722"}],"wp:term":[{"taxonomy":"category","embeddable":true,"href":"https:\/\/www.europesays.com\/se\/wp-json\/wp\/v2\/categories?post=115722"},{"taxonomy":"post_tag","embeddable":true,"href":"https:\/\/www.europesays.com\/se\/wp-json\/wp\/v2\/tags?post=115722"}],"curies":[{"name":"wp","href":"https:\/\/api.w.org\/{rel}","templated":true}]}}