{"id":115724,"date":"2025-12-24T13:19:12","date_gmt":"2025-12-24T13:19:12","guid":{"rendered":"https:\/\/www.europesays.com\/se\/115724\/"},"modified":"2025-12-24T13:19:12","modified_gmt":"2025-12-24T13:19:12","slug":"thomas-berg-paulsen-forlanger-avtalet-i-malmo-shl","status":"publish","type":"post","link":"https:\/\/www.europesays.com\/se\/115724\/","title":{"rendered":"Thomas Berg Paulsen f\u00f6rl\u00e4nger avtalet i Malm\u00f6 | SHL"},"content":{"rendered":"<p>Publicerad 24 dec 2025 kl 13.02Uppdaterad kl 14.10<\/p>\n<p>Han har spelat i klubben i tre s\u00e4songer.<\/p>\n<p>Nu blir det ytterligare tre \u00e5r, n\u00e4r norrmannen Thomas Berg Paulsen har f\u00f6rl\u00e4ngt sitt kontrakt med Malm\u00f6.<\/p>\n<p>Det bekr\u00e4ftar klubben i dag.<\/p>\n<p><img   alt=\"\"\/> <\/p>\n<p>Foto: PETTER ARVIDSON \/ BILDBYR\u00c5N<\/p>\n<p>\u00d6ppna bild i helsk\u00e4rm<\/p>\n<p>Det var en doldis n\u00e4r norrmannen Thomas Berg Paulsen skrev p\u00e5 f\u00f6r Malm\u00f6 2023. Kontraktet f\u00f6rl\u00e4ngdes snabbt under den h\u00f6sten till v\u00e5ren 2026, och l\u00f6per allts\u00e5 ut nu.<\/p>\n<p>Men nu blir han kvar.<\/p>\n<p>Det nya avtalet \u00e4r skrivet till 2029, skriver klubben i ett pressmeddelande.<\/p>\n<p>\u2013 Han \u00e4r en spelare som vi ser en l\u00e5ng framtid med, s\u00e4ger sportchef Oscar Alsenfelt i en kommentar.<\/p>\n<p>Den h\u00e4r s\u00e4songen har den 26-\u00e5rige forwarden st\u00e5tt f\u00f6r tio po\u00e4ng p\u00e5 27 matcher och har blivit en k\u00e4rnspelare i truppen.<\/p>\n<p>\u2013 Att vara en del av f\u00f6reningen \u00e4r inspirerande, och jag ser fram emot att vara en del av resan vidare, kommenterar spelaren.<\/p>\n","protected":false},"excerpt":{"rendered":"Publicerad 24 dec 2025 kl 13.02Uppdaterad kl 14.10 Han har spelat i klubben i tre s\u00e4songer. Nu blir&hellip;\n","protected":false},"author":2,"featured_media":115725,"comment_status":"","ping_status":"","sticky":false,"template":"","format":"standard","meta":{"footnotes":""},"categories":[68],"tags":[2735,1179,34,255,823,111,110,31,33,32,30],"class_list":{"0":"post-115724","1":"post","2":"type-post","3":"status-publish","4":"format-standard","5":"has-post-thumbnail","7":"category-sport","8":"tag-organization-malmo-redhawks","9":"tag-organization-shl","10":"tag-se","11":"tag-sections-ishockey","12":"tag-sections-shl","13":"tag-sport","14":"tag-sports","15":"tag-svenska","16":"tag-sverige","17":"tag-sweden","18":"tag-swedish"},"share_on_mastodon":{"url":"https:\/\/pubeurope.com\/@se\/115774748282501643","error":""},"_links":{"self":[{"href":"https:\/\/www.europesays.com\/se\/wp-json\/wp\/v2\/posts\/115724","targetHints":{"allow":["GET"]}}],"collection":[{"href":"https:\/\/www.europesays.com\/se\/wp-json\/wp\/v2\/posts"}],"about":[{"href":"https:\/\/www.europesays.com\/se\/wp-json\/wp\/v2\/types\/post"}],"author":[{"embeddable":true,"href":"https:\/\/www.europesays.com\/se\/wp-json\/wp\/v2\/users\/2"}],"replies":[{"embeddable":true,"href":"https:\/\/www.europesays.com\/se\/wp-json\/wp\/v2\/comments?post=115724"}],"version-history":[{"count":0,"href":"https:\/\/www.europesays.com\/se\/wp-json\/wp\/v2\/posts\/115724\/revisions"}],"wp:featuredmedia":[{"embeddable":true,"href":"https:\/\/www.europesays.com\/se\/wp-json\/wp\/v2\/media\/115725"}],"wp:attachment":[{"href":"https:\/\/www.europesays.com\/se\/wp-json\/wp\/v2\/media?parent=115724"}],"wp:term":[{"taxonomy":"category","embeddable":true,"href":"https:\/\/www.europesays.com\/se\/wp-json\/wp\/v2\/categories?post=115724"},{"taxonomy":"post_tag","embeddable":true,"href":"https:\/\/www.europesays.com\/se\/wp-json\/wp\/v2\/tags?post=115724"}],"curies":[{"name":"wp","href":"https:\/\/api.w.org\/{rel}","templated":true}]}}