{"id":115726,"date":"2025-12-24T13:21:10","date_gmt":"2025-12-24T13:21:10","guid":{"rendered":"https:\/\/www.europesays.com\/se\/115726\/"},"modified":"2025-12-24T13:21:10","modified_gmt":"2025-12-24T13:21:10","slug":"klimatforandringar-hot-mot-kulturmiljoer-syre","status":"publish","type":"post","link":"https:\/\/www.europesays.com\/se\/115726\/","title":{"rendered":"Klimatf\u00f6r\u00e4ndringar hot mot kulturmilj\u00f6er &#8211; Syre"},"content":{"rendered":"<p>            <a href=\"https:\/\/tidningensyre.se\/sektion\/radar\/\" class=\"article__breadcrumb-link article__breadcrumb-link--magenta\" rel=\"nofollow noopener\" target=\"_blank\">Radar<\/a><br \/>\n             \u00b7 Milj\u00f6\ufeff<\/p>\n<p>\n            Publicerad 23 minuter sedan\n        <\/p>\n<p>\n                    Utan beredskap. Jakob Mats kvarn ligger utmed Pr\u00e5m\u00e5n i Sala kommun, V\u00e4stmanlands l\u00e4n. Pr\u00e5m\u00e5n \u00e4r en 2,1 km l\u00e5ng gr\u00e4vd kanal som \u00e4r en fast fornl\u00e4mning. Foto: Archird\/Wikimedia commons\/CC-BY-SA 3.0\n            <\/p>\n<p class=\"article__sublead\">Klimatf\u00f6r\u00e4ndringar \u00e4r ett hot mot kulturmilj\u00f6er och beredskapen beh\u00f6ver bli b\u00e4ttre. Det visar den f\u00f6rsta i en kommande serie unders\u00f6kningar fr\u00e5n Riksantikvarie\u00e4mbetet. <\/p>\n<p class=\"article__paragraph\">Under\u00a02024\u00a0p\u00e5verkades minst femtio kulturmilj\u00f6er negativt av klimatrelaterade h\u00e4ndelser, d\u00e4ribland Sveriges femton v\u00e4rldsarv. Det visar den f\u00f6rsta \u00e5rliga uppf\u00f6ljningen av klimatf\u00f6r\u00e4ndringarnas effekter p\u00e5 kulturmilj\u00f6er och kulturmilj\u00f6arbetet som Riksantikvariatet presenterade tidigare i december. <\/p>\n<p class=\"article__paragraph\">\u2013 Klimatf\u00f6r\u00e4ndringarna\u00a0hotar\u00a0v\u00e5ra kulturmilj\u00f6er\u00a0och vi beh\u00f6ver\u00a0hitta v\u00e4gar f\u00f6r att\u00a0minska riskerna och st\u00e4rka beredskapen, s\u00e4ger Susanne Thed\u00e9en, riksantikvarie, i ett <a href=\"https:\/\/press.newsmachine.com\/pressrelease\/view\/klimatforandringar-hotar-kulturmiljoer-ny-uppfoljning-visar-paverkan-63836?_gl=1*evol2e*_up*MQ..*_ga*MjEzOTA4MzU5NC4xNzY2NTA0MDkw*_ga_RWNF6VMYWG*czE3NjY1MDY0OTIkbzIkZzEkdDE3NjY1MDY1MTEkajQxJGwwJGgw*_ga_QV9VNXPCFJ*czE3NjY1MDY0OTIkbzIkZzEkdDE3NjY1MDY1MTEkajQxJGwwJGgw\" target=\"_blank\" rel=\"noopener nofollow\">pressmeddelande<\/a>.<\/p>\n<p class=\"article__paragraph\">Uppf\u00f6ljningen bygger bland annat p\u00e5 information fr\u00e5n en enk\u00e4t till samtliga l\u00e4nsstyrelser. Av dessa bed\u00f6mer en fj\u00e4rdedel att klimatrelaterade h\u00e4ndelser och f\u00f6rlopp p\u00e5verkade verksamheten p\u00e5 kulturmilj\u00f6omr\u00e5det under hela 2024, och att p\u00e5verkan kommer att forts\u00e4tta i flera \u00e5r.\u00a0<\/p>\n<p class=\"article__paragraph\">M\u00e5nga kommuner saknar beredskap och \u00e4ven om inga trender kan fastst\u00e4llas \u00e4nnu \u2013 d\u00e5 \u00e5rets uppf\u00f6ljning \u00e4r den f\u00f6rsta i en planerad serie \u2013 pekar resultaten p\u00e5 behovet av b\u00e4ttre \u00f6verblick \u00f6ver kulturmilj\u00f6ernas tillst\u00e5nd och en tydligare koppling mellan sk\u00f6tsel, underh\u00e5ll och s\u00e5rbarhet f\u00f6r klimatf\u00f6r\u00e4ndringarnas effekter. <\/p>\n","protected":false},"excerpt":{"rendered":"Radar \u00b7 Milj\u00f6\ufeff Publicerad 23 minuter sedan Utan beredskap. Jakob Mats kvarn ligger utmed Pr\u00e5m\u00e5n i Sala kommun,&hellip;\n","protected":false},"author":2,"featured_media":115727,"comment_status":"","ping_status":"","sticky":false,"template":"","format":"standard","meta":{"footnotes":""},"categories":[66],"tags":[80,78,79,34,31,33,32,30,81,84,83,82],"class_list":{"0":"post-115726","1":"post","2":"type-post","3":"status-publish","4":"format-standard","5":"has-post-thumbnail","7":"category-vetenskap-och-teknik","8":"tag-science","9":"tag-science-and-technology","10":"tag-scienceandtechnology","11":"tag-se","12":"tag-svenska","13":"tag-sverige","14":"tag-sweden","15":"tag-swedish","16":"tag-technology","17":"tag-teknik","18":"tag-vetenskap","19":"tag-vetenskapteknik"},"share_on_mastodon":{"url":"https:\/\/pubeurope.com\/@se\/115774756183485299","error":""},"_links":{"self":[{"href":"https:\/\/www.europesays.com\/se\/wp-json\/wp\/v2\/posts\/115726","targetHints":{"allow":["GET"]}}],"collection":[{"href":"https:\/\/www.europesays.com\/se\/wp-json\/wp\/v2\/posts"}],"about":[{"href":"https:\/\/www.europesays.com\/se\/wp-json\/wp\/v2\/types\/post"}],"author":[{"embeddable":true,"href":"https:\/\/www.europesays.com\/se\/wp-json\/wp\/v2\/users\/2"}],"replies":[{"embeddable":true,"href":"https:\/\/www.europesays.com\/se\/wp-json\/wp\/v2\/comments?post=115726"}],"version-history":[{"count":0,"href":"https:\/\/www.europesays.com\/se\/wp-json\/wp\/v2\/posts\/115726\/revisions"}],"wp:featuredmedia":[{"embeddable":true,"href":"https:\/\/www.europesays.com\/se\/wp-json\/wp\/v2\/media\/115727"}],"wp:attachment":[{"href":"https:\/\/www.europesays.com\/se\/wp-json\/wp\/v2\/media?parent=115726"}],"wp:term":[{"taxonomy":"category","embeddable":true,"href":"https:\/\/www.europesays.com\/se\/wp-json\/wp\/v2\/categories?post=115726"},{"taxonomy":"post_tag","embeddable":true,"href":"https:\/\/www.europesays.com\/se\/wp-json\/wp\/v2\/tags?post=115726"}],"curies":[{"name":"wp","href":"https:\/\/api.w.org\/{rel}","templated":true}]}}