{"id":115728,"date":"2025-12-24T13:22:11","date_gmt":"2025-12-24T13:22:11","guid":{"rendered":"https:\/\/www.europesays.com\/se\/115728\/"},"modified":"2025-12-24T13:22:11","modified_gmt":"2025-12-24T13:22:11","slug":"seb-topp-da-tar-noteringarna-fart-rekordmanga-di","status":"publish","type":"post","link":"https:\/\/www.europesays.com\/se\/115728\/","title":{"rendered":"SEB-topp: D\u00e5 tar noteringarna fart \u2013 \u201drekordm\u00e5nga\u201d &#8211; DI"},"content":{"rendered":"<ol>\n<li><a href=\"https:\/\/news.google.com\/rss\/articles\/CBMifEFVX3lxTFA2dmVvNG1McWdDaUd6VDJfd0xMaUdUYm9FcFJQTHo0a0VRZGw5OFp0Si10ZnB5QV8zMWdmN3pKLUJMMFphZTdwbUlaMFRENk9XVGplMkc5ZUJ6NGdleTAwTm92ZXdvLXZUZlAtTmFSbVl6ZXB6d3FROW45ek0?oc=5\" target=\"_blank\" rel=\"nofollow noopener\">SEB-topp: D\u00e5 tar noteringarna fart \u2013 \u201drekordm\u00e5nga\u201d<\/a>&nbsp;&nbsp;DI<\/li>\n<li><a href=\"https:\/\/news.google.com\/rss\/articles\/CBMidkFVX3lxTE9KbUg2S3lleW0wQ3ZQejhKMjdaZG12dDdCb3ZDMWhzY0t3cHo4SjZrcDhETmswU05Nc0tqX29TT1F1NkppTFdRQnpMcjFlS0d6dDJGSVVVY3E4NGtVOVkxZzF1aTdXazBGdEFxU081Q3NXaE5DZEE?oc=5\" target=\"_blank\" rel=\"nofollow noopener\">IPO-\u00e5ret 2025: H\u00e4lften p\u00e5 plus<\/a>&nbsp;&nbsp;Aff\u00e4rsv\u00e4rlden<\/li>\n<li><a href=\"https:\/\/news.google.com\/rss\/articles\/CBMingFBVV95cUxQVGNDQ3BtUjRQSmlLZWd5cWRhMEVBajJ1Wld2anNKeG1zRzgxcGZQU2IzUkEzMWJ2cDRDejdObGlCc2p4eUhsVzItZlhSTlk5NzZKMVBaRGRRYWF0eGdYeUR6UUd3UjEwLTV1RHpEZGxybnN2ak10YlpTazRsUXZrM3h5MjNxZ3RXLXNQY2VlM0kyZTUxMDExTlpsOVJXQQ?oc=5\" target=\"_blank\" rel=\"nofollow noopener\">Starkt IPO-\u00e5r 2025 \u2013 Stockholmsb\u00f6rsen sticker ut globalt<\/a>&nbsp;&nbsp;Cision News<\/li>\n<li><a href=\"https:\/\/news.google.com\/rss\/articles\/CBMihwFBVV95cUxONjJtRWw1RE4zRmpkTnlDUmRHQUFPYTgwaC1sMTl1ekN1VHhUY2dCU2tsTFV1SjFlZU1lUGpGb0hVWHlGVW52TUx1Vmh3cnRPYlBqX1JkSE1yYmtKTEQ2OU93eF9paE15bHh0QTFjekFMOUYyNTQxdEM3dGZ5QUg1c0Y1MmRaOE0?oc=5\" target=\"_blank\" rel=\"nofollow noopener\">Noterings\u00e5ret 2025: De rusade \u2013 och de floppade<\/a>&nbsp;&nbsp;Realtid<\/li>\n<li><a href=\"https:\/\/news.google.com\/rss\/articles\/CBMirAFBVV95cUxPZzFUbjBZdm5ORG01ZDM1MTY5Y2Jod1lPZ1pkYjNnc3JRUWFvNURUSlJVV0luX0dfZXYyYXFwRy12alhtZVJKN3Z3OWtVcWtrSTdtR0JMMEtYRXhvOUJfMTZmMXFwbW04RTJXNjR0WWotcDlaUlNNdkctczBsdlp0TjFiV2xoekx5WTF3VUJ4SlgtdmdpU2tMUDJYZUdSOVdFOHRUOUo3aWdGZ01h?oc=5\" target=\"_blank\" rel=\"nofollow noopener\">Verisure och Noba vinnare bland b\u00f6rsens nykomlingar \u2013 R\u00f6ko f\u00f6rlorare<\/a>&nbsp;&nbsp;Omni Ekonomi<\/li>\n<\/ol>\n","protected":false},"excerpt":{"rendered":"SEB-topp: D\u00e5 tar noteringarna fart \u2013 \u201drekordm\u00e5nga\u201d&nbsp;&nbsp;DI IPO-\u00e5ret 2025: H\u00e4lften p\u00e5 plus&nbsp;&nbsp;Aff\u00e4rsv\u00e4rlden Starkt IPO-\u00e5r 2025 \u2013 Stockholmsb\u00f6rsen sticker&hellip;\n","protected":false},"author":2,"featured_media":115729,"comment_status":"","ping_status":"","sticky":false,"template":"","format":"standard","meta":{"footnotes":""},"categories":[65],"tags":[72,70,71,34,31,33,32,30],"class_list":{"0":"post-115728","1":"post","2":"type-post","3":"status-publish","4":"format-standard","5":"has-post-thumbnail","7":"category-ekonomi","8":"tag-business","9":"tag-economy","10":"tag-ekonomi","11":"tag-se","12":"tag-svenska","13":"tag-sverige","14":"tag-sweden","15":"tag-swedish"},"share_on_mastodon":{"url":"https:\/\/pubeurope.com\/@se\/115774760099059868","error":""},"_links":{"self":[{"href":"https:\/\/www.europesays.com\/se\/wp-json\/wp\/v2\/posts\/115728","targetHints":{"allow":["GET"]}}],"collection":[{"href":"https:\/\/www.europesays.com\/se\/wp-json\/wp\/v2\/posts"}],"about":[{"href":"https:\/\/www.europesays.com\/se\/wp-json\/wp\/v2\/types\/post"}],"author":[{"embeddable":true,"href":"https:\/\/www.europesays.com\/se\/wp-json\/wp\/v2\/users\/2"}],"replies":[{"embeddable":true,"href":"https:\/\/www.europesays.com\/se\/wp-json\/wp\/v2\/comments?post=115728"}],"version-history":[{"count":0,"href":"https:\/\/www.europesays.com\/se\/wp-json\/wp\/v2\/posts\/115728\/revisions"}],"wp:featuredmedia":[{"embeddable":true,"href":"https:\/\/www.europesays.com\/se\/wp-json\/wp\/v2\/media\/115729"}],"wp:attachment":[{"href":"https:\/\/www.europesays.com\/se\/wp-json\/wp\/v2\/media?parent=115728"}],"wp:term":[{"taxonomy":"category","embeddable":true,"href":"https:\/\/www.europesays.com\/se\/wp-json\/wp\/v2\/categories?post=115728"},{"taxonomy":"post_tag","embeddable":true,"href":"https:\/\/www.europesays.com\/se\/wp-json\/wp\/v2\/tags?post=115728"}],"curies":[{"name":"wp","href":"https:\/\/api.w.org\/{rel}","templated":true}]}}