{"id":115732,"date":"2025-12-24T13:27:16","date_gmt":"2025-12-24T13:27:16","guid":{"rendered":"https:\/\/www.europesays.com\/se\/115732\/"},"modified":"2025-12-24T13:27:16","modified_gmt":"2025-12-24T13:27:16","slug":"lindgren-kor-inte-bauhausligan-2026","status":"publish","type":"post","link":"https:\/\/www.europesays.com\/se\/115732\/","title":{"rendered":"Lindgren k\u00f6r inte Bauhausligan 2026"},"content":{"rendered":"<p>I f\u00f6rra veckan kunde Nerikes Allehanda avsl\u00f6ja att Lindgren skrivit sig f\u00f6r \u00d6rebroklubben Vikingarna, sannolikt f\u00f6r att kunna st\u00e4lla upp i individuella SM. Och under m\u00e5ndagen bekr\u00e4ftade Lindgren sj\u00e4lv att han inte avser att k\u00f6ra i Bauhausligan under 2026.\u2013 Jag m\u00e5ste ju ta det beslut som jag k\u00e4nner \u00e4r r\u00e4tt f\u00f6r mig f\u00f6r tillf\u00e4llet, s\u00e4ger \u00f6rebroaren till Radiosporten.\u00a0Ist<\/p>\n","protected":false},"excerpt":{"rendered":"I f\u00f6rra veckan kunde Nerikes Allehanda avsl\u00f6ja att Lindgren skrivit sig f\u00f6r \u00d6rebroklubben Vikingarna, sannolikt f\u00f6r att kunna&hellip;\n","protected":false},"author":2,"featured_media":115733,"comment_status":"","ping_status":"","sticky":false,"template":"","format":"standard","meta":{"footnotes":""},"categories":[68],"tags":[34,111,110,31,33,32,30],"class_list":{"0":"post-115732","1":"post","2":"type-post","3":"status-publish","4":"format-standard","5":"has-post-thumbnail","7":"category-sport","8":"tag-se","9":"tag-sport","10":"tag-sports","11":"tag-svenska","12":"tag-sverige","13":"tag-sweden","14":"tag-swedish"},"share_on_mastodon":{"url":"https:\/\/pubeurope.com\/@se\/115774779927438283","error":""},"_links":{"self":[{"href":"https:\/\/www.europesays.com\/se\/wp-json\/wp\/v2\/posts\/115732","targetHints":{"allow":["GET"]}}],"collection":[{"href":"https:\/\/www.europesays.com\/se\/wp-json\/wp\/v2\/posts"}],"about":[{"href":"https:\/\/www.europesays.com\/se\/wp-json\/wp\/v2\/types\/post"}],"author":[{"embeddable":true,"href":"https:\/\/www.europesays.com\/se\/wp-json\/wp\/v2\/users\/2"}],"replies":[{"embeddable":true,"href":"https:\/\/www.europesays.com\/se\/wp-json\/wp\/v2\/comments?post=115732"}],"version-history":[{"count":0,"href":"https:\/\/www.europesays.com\/se\/wp-json\/wp\/v2\/posts\/115732\/revisions"}],"wp:featuredmedia":[{"embeddable":true,"href":"https:\/\/www.europesays.com\/se\/wp-json\/wp\/v2\/media\/115733"}],"wp:attachment":[{"href":"https:\/\/www.europesays.com\/se\/wp-json\/wp\/v2\/media?parent=115732"}],"wp:term":[{"taxonomy":"category","embeddable":true,"href":"https:\/\/www.europesays.com\/se\/wp-json\/wp\/v2\/categories?post=115732"},{"taxonomy":"post_tag","embeddable":true,"href":"https:\/\/www.europesays.com\/se\/wp-json\/wp\/v2\/tags?post=115732"}],"curies":[{"name":"wp","href":"https:\/\/api.w.org\/{rel}","templated":true}]}}