{"id":115738,"date":"2025-12-24T13:33:27","date_gmt":"2025-12-24T13:33:27","guid":{"rendered":"https:\/\/www.europesays.com\/se\/115738\/"},"modified":"2025-12-24T13:33:27","modified_gmt":"2025-12-24T13:33:27","slug":"8-sidor-poliser-har-gripit-thunberg","status":"publish","type":"post","link":"https:\/\/www.europesays.com\/se\/115738\/","title":{"rendered":"8 Sidor &#8211; Poliser har gripit Thunberg"},"content":{"rendered":"<p>Poliserna grep Greta Thunberg i London. Foto: Prisoners for Palestine\/AFP\/TT\n<\/p>\n<p>Poliser i London har gripit<br \/>Greta Thunberg.<br \/>Hon protesterade f\u00f6r gruppen<br \/>Palestine Action.<\/p>\n<p>N\u00e5gra personer<br \/>i Palestine Action<br \/>sitter i f\u00e4ngelse<br \/>i Storbritannien.<br \/>Personerna \u00e4ter inte mat.<\/p>\n<p>Greta Thunberg var med<br \/>och protesterade mot<br \/>att de sitter i f\u00e4ngelse.<\/p>\n<p>Greta Thunberg h\u00f6ll<br \/>i en skylt n\u00e4r<br \/>poliserna grep henne.<br \/>P\u00e5 skylten stod<br \/>att hon st\u00f6ttar f\u00e5ngarna.<\/p>\n<p>Det \u00e4r f\u00f6rbjudet<br \/>att vara med i<br \/>eller ge st\u00f6d till<br \/>gruppen Palestine Action<br \/>i Storbritannien.<\/p>\n<p>Politikerna i Storbritannien<br \/>har best\u00e4mt att Palestine Action<br \/>\u00e4r terrorister.<br \/>De best\u00e4mde det i juli i \u00e5r.<br \/>Det var efter att medlemmar<br \/>i gruppen br\u00f6t sig in<br \/>vid\u00a0milit\u00e4rernas flygplan.<br \/>De f\u00f6rst\u00f6rde tv\u00e5 flygplan.<\/p>\n<p>Det \u00e4r inte k\u00e4nt om<br \/>Greta Thunberg<br \/>kommer att f\u00e5 n\u00e5got straff.<br \/>Men hon kan d\u00f6mas<br \/>till sex m\u00e5nader i f\u00e4ngelse.<\/p>\n<p>8 SIDOR\/TT<\/p>\n","protected":false},"excerpt":{"rendered":"Poliserna grep Greta Thunberg i London. Foto: Prisoners for Palestine\/AFP\/TT Poliser i London har gripitGreta Thunberg.Hon protesterade f\u00f6r&hellip;\n","protected":false},"author":2,"featured_media":115739,"comment_status":"","ping_status":"","sticky":false,"template":"","format":"standard","meta":{"footnotes":""},"categories":[5],"tags":[22,23,26,27,17,21,24,25,28,29,15,16,18,34,31,33,32,30,19,20],"class_list":{"0":"post-115738","1":"post","2":"type-post","3":"status-publish","4":"format-standard","5":"has-post-thumbnail","7":"category-rubriker","8":"tag-breaking-news","9":"tag-breakingnews","10":"tag-featured-news","11":"tag-featurednews","12":"tag-headlines","13":"tag-huvudnyheter","14":"tag-latest-news","15":"tag-latestnews","16":"tag-main-news","17":"tag-mainnews","18":"tag-news","19":"tag-nyheter","20":"tag-rubriker","21":"tag-se","22":"tag-svenska","23":"tag-sverige","24":"tag-sweden","25":"tag-swedish","26":"tag-top-stories","27":"tag-topstories"},"share_on_mastodon":{"url":"https:\/\/pubeurope.com\/@se\/115774803320321746","error":""},"_links":{"self":[{"href":"https:\/\/www.europesays.com\/se\/wp-json\/wp\/v2\/posts\/115738","targetHints":{"allow":["GET"]}}],"collection":[{"href":"https:\/\/www.europesays.com\/se\/wp-json\/wp\/v2\/posts"}],"about":[{"href":"https:\/\/www.europesays.com\/se\/wp-json\/wp\/v2\/types\/post"}],"author":[{"embeddable":true,"href":"https:\/\/www.europesays.com\/se\/wp-json\/wp\/v2\/users\/2"}],"replies":[{"embeddable":true,"href":"https:\/\/www.europesays.com\/se\/wp-json\/wp\/v2\/comments?post=115738"}],"version-history":[{"count":0,"href":"https:\/\/www.europesays.com\/se\/wp-json\/wp\/v2\/posts\/115738\/revisions"}],"wp:featuredmedia":[{"embeddable":true,"href":"https:\/\/www.europesays.com\/se\/wp-json\/wp\/v2\/media\/115739"}],"wp:attachment":[{"href":"https:\/\/www.europesays.com\/se\/wp-json\/wp\/v2\/media?parent=115738"}],"wp:term":[{"taxonomy":"category","embeddable":true,"href":"https:\/\/www.europesays.com\/se\/wp-json\/wp\/v2\/categories?post=115738"},{"taxonomy":"post_tag","embeddable":true,"href":"https:\/\/www.europesays.com\/se\/wp-json\/wp\/v2\/tags?post=115738"}],"curies":[{"name":"wp","href":"https:\/\/api.w.org\/{rel}","templated":true}]}}