{"id":115762,"date":"2025-12-24T13:55:13","date_gmt":"2025-12-24T13:55:13","guid":{"rendered":"https:\/\/www.europesays.com\/se\/115762\/"},"modified":"2025-12-24T13:55:13","modified_gmt":"2025-12-24T13:55:13","slug":"halla-80-000-migranter-i-lagerlokaler","status":"publish","type":"post","link":"https:\/\/www.europesays.com\/se\/115762\/","title":{"rendered":"H\u00e5lla 80\u00a0000 migranter i lagerlokaler"},"content":{"rendered":"<p>Av Louise Cassemar<br \/>Publicerad 24 december, 13:45. Uppdaterad 24 december, 13:55<\/p>\n<p>Trumpadministrationen vill bygga om stora industrilager till j\u00e4ttelika f\u00f6rvar f\u00f6r migranter i syfte att snabba p\u00e5 deportationer. Det visar interna dokument fr\u00e5n den amerikanska migrationsmyndighet ICE som The Washington Post tagit del av.<\/p>\n<p>Planen omfattar sju anl\u00e4ggningar med plats f\u00f6r mellan 5\u202f000 och 10\u202f000 personer vardera, samt ytterligare 16 mindre f\u00f6rvar med kapacitet p\u00e5 upp till 1\u202f500 personer. Totalt skulle lokalerna kunna rymma \u00f6ver 80\u202f000 frihetsber\u00f6vade migranter.<\/p>\n<p>Kritiker menar att lagerlokaler \u00e4r d\u00e5ligt anpassade f\u00f6r m\u00e4nniskor, medan ICE enligt dokumenten planerar omfattande ombyggnader med bostadsytor, toaletter, k\u00f6k och medicinska avdelningar. F\u00f6rslaget \u00e4r \u00e4nnu inte f\u00e4rdigt och kan komma att \u00e4ndras innan en formell upphandling inleds.<\/p>\n<p>Omni \u00e4r politiskt obundna och oberoende. Vi str\u00e4var efter att ge fler perspektiv p\u00e5 nyheterna. Har du fr\u00e5gor eller synpunkter kring v\u00e5r rapportering? <a href=\"https:\/\/omni.se\/usa-s-plan-halla-80000-migranter-i-lagerlokaler\/a\/mailto:redaktion@omni.se\" class=\"ArticleActions_contactLink__W2F1M\" rel=\"nofollow noopener\" target=\"_blank\">Kontakta redaktionen<\/a><\/p>\n","protected":false},"excerpt":{"rendered":"Av Louise CassemarPublicerad 24 december, 13:45. Uppdaterad 24 december, 13:55 Trumpadministrationen vill bygga om stora industrilager till j\u00e4ttelika&hellip;\n","protected":false},"author":2,"featured_media":115763,"comment_status":"","ping_status":"","sticky":false,"template":"","format":"standard","meta":{"footnotes":""},"categories":[14],"tags":[387,22,23,385,26,27,17,21,24,25,28,29,15,268,16,18,34,31,33,32,30,19,20,386,74,51,52,53,54],"class_list":{"0":"post-115762","1":"post","2":"type-post","3":"status-publish","4":"format-standard","5":"has-post-thumbnail","7":"category-varlden","8":"tag-amerikansk-politik","9":"tag-breaking-news","10":"tag-breakingnews","11":"tag-donald-trump","12":"tag-featured-news","13":"tag-featurednews","14":"tag-headlines","15":"tag-huvudnyheter","16":"tag-latest-news","17":"tag-latestnews","18":"tag-main-news","19":"tag-mainnews","20":"tag-news","21":"tag-nordamerika","22":"tag-nyheter","23":"tag-rubriker","24":"tag-se","25":"tag-svenska","26":"tag-sverige","27":"tag-sweden","28":"tag-swedish","29":"tag-top-stories","30":"tag-topstories","31":"tag-trumps-usa","32":"tag-usa","33":"tag-varlden","34":"tag-world","35":"tag-world-news","36":"tag-worldnews"},"share_on_mastodon":{"url":"https:\/\/pubeurope.com\/@se\/115774889927138285","error":""},"_links":{"self":[{"href":"https:\/\/www.europesays.com\/se\/wp-json\/wp\/v2\/posts\/115762","targetHints":{"allow":["GET"]}}],"collection":[{"href":"https:\/\/www.europesays.com\/se\/wp-json\/wp\/v2\/posts"}],"about":[{"href":"https:\/\/www.europesays.com\/se\/wp-json\/wp\/v2\/types\/post"}],"author":[{"embeddable":true,"href":"https:\/\/www.europesays.com\/se\/wp-json\/wp\/v2\/users\/2"}],"replies":[{"embeddable":true,"href":"https:\/\/www.europesays.com\/se\/wp-json\/wp\/v2\/comments?post=115762"}],"version-history":[{"count":0,"href":"https:\/\/www.europesays.com\/se\/wp-json\/wp\/v2\/posts\/115762\/revisions"}],"wp:featuredmedia":[{"embeddable":true,"href":"https:\/\/www.europesays.com\/se\/wp-json\/wp\/v2\/media\/115763"}],"wp:attachment":[{"href":"https:\/\/www.europesays.com\/se\/wp-json\/wp\/v2\/media?parent=115762"}],"wp:term":[{"taxonomy":"category","embeddable":true,"href":"https:\/\/www.europesays.com\/se\/wp-json\/wp\/v2\/categories?post=115762"},{"taxonomy":"post_tag","embeddable":true,"href":"https:\/\/www.europesays.com\/se\/wp-json\/wp\/v2\/tags?post=115762"}],"curies":[{"name":"wp","href":"https:\/\/api.w.org\/{rel}","templated":true}]}}