{"id":115780,"date":"2025-12-24T14:14:25","date_gmt":"2025-12-24T14:14:25","guid":{"rendered":"https:\/\/www.europesays.com\/se\/115780\/"},"modified":"2025-12-24T14:14:25","modified_gmt":"2025-12-24T14:14:25","slug":"ryskt-stod-till-venezuela-i-konflikt-med-usa","status":"publish","type":"post","link":"https:\/\/www.europesays.com\/se\/115780\/","title":{"rendered":"Ryskt st\u00f6d till Venezuela i konflikt med USA"},"content":{"rendered":"<p>Samtalet mellan Rysslands utrikesminister Sergej Lavrov och Venezuelas Yvan Gil p\u00e5 m\u00e5ndagen skedde samtidigt som USA fortsatte att f\u00f6rs\u00f6ka blockera handelsfartyg \u2013 bland annat oljefartyg \u2013 att ta sig till och fr\u00e5n Venezuela.<\/p>\n<p>\u201dMinistrarna uttryckte djup oro \u00f6ver upptrappningen av Washingtons agerande i Karibiska havet, vilket kan f\u00e5 seri\u00f6sa konsekvenser f\u00f6r regionen och hota internationell sj\u00f6fart\u201d, meddelade det ryska utrikesdepartementet efter samtalet.<\/p>\n<p>Ryssland sade ocks\u00e5 att man ger sitt fulla st\u00f6d \u00e5t Nicol\u00e1s Maduros auktorit\u00e4ra ledarskap i Venezuela, och sade att de tv\u00e5 l\u00e4nderna ska ut\u00f6ka \u201dbilateralt samarbete\u201d.<\/p>\n<p>USA och president Donald Trump pekar ut Maduro som en av m\u00e5ltavlorna i de intensifierade insatserna. Omkring 100 personer har d\u00f6dats i amerikanska attacker mot misst\u00e4nkta knarksmugglarb\u00e5tar i Karibiska havet, och den senaste tiden har tv\u00e5 handelsfartyg vid Venezuelas kust bordats av amerikanska styrkor. Ett tredje fartyg jagades av amerikanska styrkor i farvattnen p\u00e5 m\u00e5ndagen.<\/p>\n<p>Dessutom har Trumpadministrationen riktat sanktioner mot grupper i Venezuela som misst\u00e4nks av USA f\u00f6r att vara delaktiga i knarksmuggling till USA. <\/p>\n","protected":false},"excerpt":{"rendered":"Samtalet mellan Rysslands utrikesminister Sergej Lavrov och Venezuelas Yvan Gil p\u00e5 m\u00e5ndagen skedde samtidigt som USA fortsatte att&hellip;\n","protected":false},"author":2,"featured_media":115781,"comment_status":"","ping_status":"","sticky":false,"template":"","format":"standard","meta":{"footnotes":""},"categories":[14],"tags":[22,23,26,27,17,21,24,25,28,29,15,16,18,34,31,33,32,30,19,20,51,52,53,54],"class_list":{"0":"post-115780","1":"post","2":"type-post","3":"status-publish","4":"format-standard","5":"has-post-thumbnail","7":"category-varlden","8":"tag-breaking-news","9":"tag-breakingnews","10":"tag-featured-news","11":"tag-featurednews","12":"tag-headlines","13":"tag-huvudnyheter","14":"tag-latest-news","15":"tag-latestnews","16":"tag-main-news","17":"tag-mainnews","18":"tag-news","19":"tag-nyheter","20":"tag-rubriker","21":"tag-se","22":"tag-svenska","23":"tag-sverige","24":"tag-sweden","25":"tag-swedish","26":"tag-top-stories","27":"tag-topstories","28":"tag-varlden","29":"tag-world","30":"tag-world-news","31":"tag-worldnews"},"share_on_mastodon":{"url":"https:\/\/pubeurope.com\/@se\/115774964700758315","error":""},"_links":{"self":[{"href":"https:\/\/www.europesays.com\/se\/wp-json\/wp\/v2\/posts\/115780","targetHints":{"allow":["GET"]}}],"collection":[{"href":"https:\/\/www.europesays.com\/se\/wp-json\/wp\/v2\/posts"}],"about":[{"href":"https:\/\/www.europesays.com\/se\/wp-json\/wp\/v2\/types\/post"}],"author":[{"embeddable":true,"href":"https:\/\/www.europesays.com\/se\/wp-json\/wp\/v2\/users\/2"}],"replies":[{"embeddable":true,"href":"https:\/\/www.europesays.com\/se\/wp-json\/wp\/v2\/comments?post=115780"}],"version-history":[{"count":0,"href":"https:\/\/www.europesays.com\/se\/wp-json\/wp\/v2\/posts\/115780\/revisions"}],"wp:featuredmedia":[{"embeddable":true,"href":"https:\/\/www.europesays.com\/se\/wp-json\/wp\/v2\/media\/115781"}],"wp:attachment":[{"href":"https:\/\/www.europesays.com\/se\/wp-json\/wp\/v2\/media?parent=115780"}],"wp:term":[{"taxonomy":"category","embeddable":true,"href":"https:\/\/www.europesays.com\/se\/wp-json\/wp\/v2\/categories?post=115780"},{"taxonomy":"post_tag","embeddable":true,"href":"https:\/\/www.europesays.com\/se\/wp-json\/wp\/v2\/tags?post=115780"}],"curies":[{"name":"wp","href":"https:\/\/api.w.org\/{rel}","templated":true}]}}