{"id":115789,"date":"2025-12-24T14:31:21","date_gmt":"2025-12-24T14:31:21","guid":{"rendered":"https:\/\/www.europesays.com\/se\/115789\/"},"modified":"2025-12-24T14:31:21","modified_gmt":"2025-12-24T14:31:21","slug":"nu-flyger-tomten-igen-folj-sladen-over-varlden","status":"publish","type":"post","link":"https:\/\/www.europesays.com\/se\/115789\/","title":{"rendered":"Nu flyger tomten igen \u2013 f\u00f6lj sl\u00e4den \u00f6ver v\u00e4rlden"},"content":{"rendered":"<p>F\u00f6r 70:e \u00e5ret i rad flyger tomten \u00f6ver v\u00e4rlden i det nordamerikanska milit\u00e4rkommandot Norads s\u00e5 kallade \u201djultomtesp\u00e5rare\u201d. Tomten r\u00f6r sig ibland of\u00f6ruts\u00e4gbart \u00f6ver v\u00e4rldskartan \u2013 men delar l\u00e4ngs v\u00e4gen ut miljontals julklappar.<\/p>\n<p>Enligt CBS bemannas Norad p\u00e5 julafton av b\u00e5de uniformerad personal och civila volont\u00e4rer som svarar i telefon och ger uppdateringar om jultomtens aktuella position. F\u00f6rra \u00e5ret registrerades omkring 380\u202f000 samtal.<\/p>\n<p>Traditionen fick sin b\u00f6rjan 1955, hos Norads f\u00f6reg\u00e5ngare Conad, efter ett tryckfel i en Sears-annons som uppmanade barn att ringa tomten \u2013 men som i st\u00e4llet kopplades till en hemlig milit\u00e4r hotline. N\u00e4r samtalet besvarades av \u00f6verste Harry Shoup valde han att spela med. Ett misstag som blev starten p\u00e5 den l\u00e5nglivade jultraditionen, skriver NPR. <\/p>\n<p>Omni \u00e4r politiskt obundna och oberoende. Vi str\u00e4var efter att ge fler perspektiv p\u00e5 nyheterna. Har du fr\u00e5gor eller synpunkter kring v\u00e5r rapportering? <a href=\"https:\/\/omni.se\/nu-flyger-tomten-igen-folj-sladen-over-varlden\/a\/mailto:redaktion@omni.se\" class=\"ArticleActions_contactLink__W2F1M\" rel=\"nofollow noopener\" target=\"_blank\">Kontakta redaktionen<\/a><\/p>\n","protected":false},"excerpt":{"rendered":"F\u00f6r 70:e \u00e5ret i rad flyger tomten \u00f6ver v\u00e4rlden i det nordamerikanska milit\u00e4rkommandot Norads s\u00e5 kallade \u201djultomtesp\u00e5rare\u201d. Tomten&hellip;\n","protected":false},"author":2,"featured_media":115790,"comment_status":"","ping_status":"","sticky":false,"template":"","format":"standard","meta":{"footnotes":""},"categories":[14],"tags":[22,23,26,27,17,21,24,25,28,29,15,268,16,18,34,31,33,32,30,19,20,74,51,52,53,54],"class_list":{"0":"post-115789","1":"post","2":"type-post","3":"status-publish","4":"format-standard","5":"has-post-thumbnail","7":"category-varlden","8":"tag-breaking-news","9":"tag-breakingnews","10":"tag-featured-news","11":"tag-featurednews","12":"tag-headlines","13":"tag-huvudnyheter","14":"tag-latest-news","15":"tag-latestnews","16":"tag-main-news","17":"tag-mainnews","18":"tag-news","19":"tag-nordamerika","20":"tag-nyheter","21":"tag-rubriker","22":"tag-se","23":"tag-svenska","24":"tag-sverige","25":"tag-sweden","26":"tag-swedish","27":"tag-top-stories","28":"tag-topstories","29":"tag-usa","30":"tag-varlden","31":"tag-world","32":"tag-world-news","33":"tag-worldnews"},"share_on_mastodon":{"url":"https:\/\/pubeurope.com\/@se\/115775031439683034","error":""},"_links":{"self":[{"href":"https:\/\/www.europesays.com\/se\/wp-json\/wp\/v2\/posts\/115789","targetHints":{"allow":["GET"]}}],"collection":[{"href":"https:\/\/www.europesays.com\/se\/wp-json\/wp\/v2\/posts"}],"about":[{"href":"https:\/\/www.europesays.com\/se\/wp-json\/wp\/v2\/types\/post"}],"author":[{"embeddable":true,"href":"https:\/\/www.europesays.com\/se\/wp-json\/wp\/v2\/users\/2"}],"replies":[{"embeddable":true,"href":"https:\/\/www.europesays.com\/se\/wp-json\/wp\/v2\/comments?post=115789"}],"version-history":[{"count":0,"href":"https:\/\/www.europesays.com\/se\/wp-json\/wp\/v2\/posts\/115789\/revisions"}],"wp:featuredmedia":[{"embeddable":true,"href":"https:\/\/www.europesays.com\/se\/wp-json\/wp\/v2\/media\/115790"}],"wp:attachment":[{"href":"https:\/\/www.europesays.com\/se\/wp-json\/wp\/v2\/media?parent=115789"}],"wp:term":[{"taxonomy":"category","embeddable":true,"href":"https:\/\/www.europesays.com\/se\/wp-json\/wp\/v2\/categories?post=115789"},{"taxonomy":"post_tag","embeddable":true,"href":"https:\/\/www.europesays.com\/se\/wp-json\/wp\/v2\/tags?post=115789"}],"curies":[{"name":"wp","href":"https:\/\/api.w.org\/{rel}","templated":true}]}}