{"id":115792,"date":"2025-12-24T14:40:46","date_gmt":"2025-12-24T14:40:46","guid":{"rendered":"https:\/\/www.europesays.com\/se\/115792\/"},"modified":"2025-12-24T14:40:46","modified_gmt":"2025-12-24T14:40:46","slug":"nobel-i-rinkeby-och-tensta-2025","status":"publish","type":"post","link":"https:\/\/www.europesays.com\/se\/115792\/","title":{"rendered":"Nobel i Rinkeby och Tensta 2025"},"content":{"rendered":"<p>\u00a0<strong>I \u00e5r har mer \u00e4n 150 barn och ungdomar mellan tio och femton \u00e5r deltagit i Nobel i Rinkeby och Tensta. Under h\u00f6sten har de arbetat med eget skapande med utg\u00e5ngspunkt i den egna hembygden, litteratur, vetenskapliga uppt\u00e4ckter och f\u00f6rebilder fr\u00e5n hela v\u00e4rlden. <\/strong><\/p>\n<p>Det b\u00f6rjade 1988 n\u00e4r kulturvetare Elly Berg och f\u00f6rfattare Gunilla Lundgren gjorde ett h\u00e4fte till litteraturpristagaren Naguib Mahfouz tillsammans med arabisktalande barn och deras modersm\u00e5lsl\u00e4rare i Stockholm. Alltsedan dess har barn och ungdomar i Rinkeby arbetat med Nobelpriset genom att skriva och teckna ett flerspr\u00e5kigt h\u00e4fte till \u00e5rets Nobelpristagare. <\/p>\n<p><img loading=\"lazy\" decoding=\"async\" width=\"1024\" height=\"586\" src=\"https:\/\/www.europesays.com\/se\/wp-content\/uploads\/2025\/12\/Tittskap-Laszlo-1024x586.jpg\" alt=\"\" class=\"wp-image-133586\"  \/>Tittsk\u00e5pet om Laszlo Krasznahorkai.<\/p>\n<p>De g\u00f6r ocks\u00e5 ett tittsk\u00e5p som finns utst\u00e4llt p\u00e5 Rinkeby bibliotek. Sedan 2019 ing\u00e5r \u00e4ven stadsdelen Tensta. Varje \u00e5r \u00e4r det nya elever och l\u00e4rare som deltar. I \u00e5r har elever fr\u00e5n Elinsborgsskolan och Enbacksskolan i Tensta, Askebyskolan i Rinkeby och unga l\u00e4sare fr\u00e5n Rinkeby bibliotek studerat Alfred Nobels liv, Nobelpriset och s\u00e4rskilt \u00e5rets litteraturpristagare och hans verk. <\/p>\n<p>Annons:<a class=\"gofollow\" data-track=\"NDAyLDEsNjA=\" href=\"https:\/\/ung.stockholm\/aktuellt\/?t=event&amp;c=363&amp;di=17\" rel=\"nofollow noopener\" target=\"_blank\"><img decoding=\"async\" src=\"https:\/\/www.europesays.com\/se\/wp-content\/uploads\/2025\/12\/NY-SthlmStad-120363-251219-NyhetsbyranJarva.gif\"\/><\/a><\/p>\n<p>Elever fr\u00e5n Anna Whitlocks gymnasium har fotodokumenterat arbetet. Vi har l\u00e4st utdrag ur L\u00e1szl\u00f3 Krasznahorkais romaner \u201dDen sista vargen\u201d och \u201dMotst\u00e5ndets melankoli\u201d. <\/p>\n<blockquote>\n<p>Barnen \u00f6verl\u00e4mnar sitt Nobelh\u00e4fte till Nobelpristagaren<\/p>\n<\/blockquote>\n<p>Texterna har v\u00e4ckt m\u00e5nga k\u00e4nslor och tankar, vilka sedan varit utg\u00e5ngspunkt f\u00f6r eget skapande under ledning av f\u00f6rfattare och tecknare och i n\u00e4ra samarbete med l\u00e4rare och skolbibliotekarier. I december avslutar vi \u00e5rets arbete med att bjuda \u00e5rets Nobelpristagare i litteratur till Rinkeby bibliotek. <br \/>Barnen ber\u00e4ttar d\u00e5 om sitt arbete samt \u00f6verl\u00e4mnar sitt Nobelh\u00e4fte till Nobelpristagaren. D\u00e4refter bjuder de p\u00e5 te och orientaliska bakverk, samt f\u00e5r m\u00f6jlighet att samtala med pristagaren. Flera Nobelpristagare har sagt att m\u00f6tet med barnen och ungdomarna har varit bland det b\u00e4sta under hela Nobelveckan. \u201dJag k\u00e4nde mig hemma, \u2019p\u00e5 r\u00e4tt st\u00e4lle\u2019\u201d, skrev Annie Ernaux i g\u00e4stboken efter sitt bes\u00f6k i Rinkeby 2022.\u00a0<\/p>\n<p>Nobel i Rinkeby och Tensta bygger p\u00e5 id\u00e9n att flerspr\u00e5kighet \u00e4r en styrka. Eleverna som har deltagit i \u00e5rets arbete talar sammanlagt \u00f6ver 40 olika spr\u00e5k inklusive svenska:\u00a0<br \/>albanska arabiska badinani beduin bengaliska bosniska dari engelska<br \/>franska grekiska igbo italienska japanska keldanska kurdiska lingala<br \/>luganda marockanska mongoliska nederl\u00e4ndska norska oromo pashto<br \/>persiska patois punjabi rum\u00e4nska ryska serbiska somaliska sorani<br \/>spanska svenska swahili syrianska tamazight tigrinja turkiska uiguriska urdu uzbekiskaarabiska<\/p>\n<p><strong>Stockholm i december 2025<br \/>Elever, l\u00e4rare och medarbetare<br \/>Annelie Drewsen och Katarina Lycken R\u00fcter, f\u00f6rfattare och projektledare.<\/strong><\/p>\n<p><img loading=\"lazy\" decoding=\"async\" width=\"852\" height=\"1024\" src=\"https:\/\/www.europesays.com\/se\/wp-content\/uploads\/2025\/12\/IMG-1138-1-852x1024.jpg\" alt=\"\" class=\"wp-image-133487\"  \/>Screenshot<\/p>\n<p><strong>Elever i \u00e5ldrarna 10-15 \u00e5r fr\u00e5n  Elinsborgsskolan och Enbacksskolan i Tensta, Askebyskolan i Rinkeby och Unga L\u00e4sare fr\u00e5n Rinkeby bibliotek<\/strong>, <strong>har studerat Alfred Nobels liv, Nobelpriset, \u00e5rets pristagare och s\u00e4rskilt litteraturpristagaren L\u00e1szl\u00f3 Krasznahorkais med utdrag ur hans texter \u201dDen sista vargen\u201d och \u201dMotst\u00e5ndets melankoli\u201d. Delar av arbetet har fotodokumenterats av<br \/>elever fr\u00e5n Anna Whitlocks gymnasium.<\/strong>\n<\/p>\n<p>                    <a href=\"#\" rel=\"nofollow\" onclick=\"window.print(); return false;\" title=\"Printer Friendly, PDF &amp; Email\"><br \/>\n                    <img decoding=\"async\" class=\"pf-button-img\" src=\"https:\/\/www.europesays.com\/se\/wp-content\/uploads\/2025\/08\/printfriendly-pdf-button-nobg-md.png\" alt=\"Print Friendly, PDF &amp; Email\" style=\"width: 124px;height: 30px;\"\/><br \/>\n                    <\/a><\/p>\n","protected":false},"excerpt":{"rendered":"\u00a0I \u00e5r har mer \u00e4n 150 barn och ungdomar mellan tio och femton \u00e5r deltagit i Nobel i&hellip;\n","protected":false},"author":2,"featured_media":115793,"comment_status":"","ping_status":"","sticky":false,"template":"","format":"standard","meta":{"footnotes":""},"categories":[67],"tags":[12514,12515,12037,12516,104,12517,5047,12040,12518,5043,6741,12519,34,31,33,32,30,10994,1432,105],"class_list":{"0":"post-115792","1":"post","2":"type-post","3":"status-publish","4":"format-standard","5":"has-post-thumbnail","7":"category-underhallning","8":"tag-anna-whitlocks-gymnasium","9":"tag-askebyskolan","10":"tag-elinsborgsskolan","11":"tag-enbacksskolan","12":"tag-entertainment","13":"tag-laszlo-krasznahorkais","14":"tag-litteraturpris","15":"tag-nobel-2025","16":"tag-nobel-i-tensta-och-rinkeby","17":"tag-nobelpriset-i-litteratur","18":"tag-rinkeby","19":"tag-rinkeby-bibliotek","20":"tag-se","21":"tag-svenska","22":"tag-sverige","23":"tag-sweden","24":"tag-swedish","25":"tag-tensta","26":"tag-topp","27":"tag-underhallning"},"share_on_mastodon":{"url":"https:\/\/pubeurope.com\/@se\/115775067010471507","error":""},"_links":{"self":[{"href":"https:\/\/www.europesays.com\/se\/wp-json\/wp\/v2\/posts\/115792","targetHints":{"allow":["GET"]}}],"collection":[{"href":"https:\/\/www.europesays.com\/se\/wp-json\/wp\/v2\/posts"}],"about":[{"href":"https:\/\/www.europesays.com\/se\/wp-json\/wp\/v2\/types\/post"}],"author":[{"embeddable":true,"href":"https:\/\/www.europesays.com\/se\/wp-json\/wp\/v2\/users\/2"}],"replies":[{"embeddable":true,"href":"https:\/\/www.europesays.com\/se\/wp-json\/wp\/v2\/comments?post=115792"}],"version-history":[{"count":0,"href":"https:\/\/www.europesays.com\/se\/wp-json\/wp\/v2\/posts\/115792\/revisions"}],"wp:featuredmedia":[{"embeddable":true,"href":"https:\/\/www.europesays.com\/se\/wp-json\/wp\/v2\/media\/115793"}],"wp:attachment":[{"href":"https:\/\/www.europesays.com\/se\/wp-json\/wp\/v2\/media?parent=115792"}],"wp:term":[{"taxonomy":"category","embeddable":true,"href":"https:\/\/www.europesays.com\/se\/wp-json\/wp\/v2\/categories?post=115792"},{"taxonomy":"post_tag","embeddable":true,"href":"https:\/\/www.europesays.com\/se\/wp-json\/wp\/v2\/tags?post=115792"}],"curies":[{"name":"wp","href":"https:\/\/api.w.org\/{rel}","templated":true}]}}