{"id":115800,"date":"2025-12-24T14:54:19","date_gmt":"2025-12-24T14:54:19","guid":{"rendered":"https:\/\/www.europesays.com\/se\/115800\/"},"modified":"2025-12-24T14:54:19","modified_gmt":"2025-12-24T14:54:19","slug":"libyens-armechef-dod-i-flygkrasch","status":"publish","type":"post","link":"https:\/\/www.europesays.com\/se\/115800\/","title":{"rendered":"Libyens armechef d\u00f6d i flygkrasch"},"content":{"rendered":"<p>Planet hade lyft fr\u00e5n Ankaras flygplats Esenboga, p\u00e5 v\u00e4g mot Tripoli. Drygt 40 minuter senare beg\u00e4rde planet om att f\u00e5 n\u00f6dlanda. Strax d\u00e4refter f\u00f6rlorades kontakten med planet och en stund senare kom bekr\u00e4ftelsen att det hade kraschat.<\/p>\n<p>Bland \u00f6vriga passagerare fanns bef\u00e4lhavaren f\u00f6r Libyens markstyrkor, en r\u00e5dgivare till arm\u00e9chefen, en milit\u00e4rfotograf och ytterligare en h\u00f6gt uppsatt milit\u00e4r. Bes\u00e4ttningen bestod av tre personer. Alla \u00e5tta personer som var ombord omkom, skriver TT.<\/p>\n<p>Det \u00e4r oklart vad som \u00e4r orsaken till kraschen.<\/p>\n<p>\u201dVi v\u00e4ntar p\u00e5 slutsatserna fr\u00e5n den turkiska utredningen, och det verkar som att planet kraschade\u201d, s\u00e4ger Libyens kommunikationsminister Walid Ellafi till libysk tv.<\/p>\n<p><strong>Libyens premi\u00e4rminister<\/strong> Abdulhamid Dbeibah meddelar att han har f\u00e5tt det bekr\u00e4ftat att generalen Mohammed Ali al-Haddad \u00e4r d\u00f6d.<\/p>\n<p>\u201dDet h\u00e4r en tragisk och sm\u00e4rtsam h\u00e4ndelse f\u00f6r v\u00e5r nation\u201d, s\u00e4ger han i ett uttalande.<\/p>\n<p>          <img decoding=\"async\" class=\"picture__img\" src=\"https:\/\/www.europesays.com\/se\/wp-content\/uploads\/2025\/12\/6f931c15-eef9-425e-b436-8d79b71da357.jpeg\"   alt=\"Libyens arm\u00e9chef Mohammad Ali al-Haddad tr\u00e4ffade Turkiets f\u00f6rsvarsminister Yasar Guler under bes\u00f6ket i Ankara.\"\/><\/p>\n<p>      Libyens arm\u00e9chef Mohammad Ali al-Haddad tr\u00e4ffade Turkiets f\u00f6rsvarsminister Yasar Guler under bes\u00f6ket i Ankara.<\/p>\n<p>      Foto: Turkiska f\u00f6rsvarsdepartementet\/AFP<\/p>\n<p>Turkiets inrikesminister Ali Yerlikaya uppger p\u00e5 X att vrakdelar hittades i byn Kesikkavak, drygt \u00e5tta mil s\u00f6der om Ankara. TT rapporterar att flera turkiska tv-kanaler visar bilder p\u00e5 en explosion fr\u00e5n omr\u00e5det d\u00e4r planet befann sig vid tidpunkten f\u00f6r n\u00f6danropet.<\/p>\n<p>General al-Haddad bes\u00f6kte Ankara f\u00f6r att tr\u00e4ffa Turkiets milit\u00e4rchef och andra h\u00f6ga bef\u00e4lhavare. Flygkraschen intr\u00e4ffade dagen efter att det turkiska parlamentet f\u00f6rl\u00e4ngt mandatet med turkiska soldater i Libyen i ytterligare tv\u00e5 \u00e5r.<\/p>\n<p>          Fakta.Libyen \u2013 ett delat land<\/p>\n<p>Mer eller mindre kaos har r\u00e5tt i Libyen sedan diktatorn Muammar Gaddafi st\u00f6rtades 2011.<\/p>\n<p>Landet delades 2014 mellan ett styre i Tripoli i v\u00e4ster och ett maktcentrum i Tobruk i \u00f6ster under krigsherren Khalifa Haftar. En fredsprocess inleddes med st\u00f6d av FN 2020.<\/p>\n<p>Turkiet har n\u00e4ra band med den FN-backade regeringen i Tripoli och ger b\u00e5de milit\u00e4rt och ekonomiskt st\u00f6d.<\/p>\n<p>TT<\/p>\n<p>            Visa mer<\/p>\n<p>            Visa mindre<\/p>\n","protected":false},"excerpt":{"rendered":"Planet hade lyft fr\u00e5n Ankaras flygplats Esenboga, p\u00e5 v\u00e4g mot Tripoli. Drygt 40 minuter senare beg\u00e4rde planet om&hellip;\n","protected":false},"author":2,"featured_media":115801,"comment_status":"","ping_status":"","sticky":false,"template":"","format":"standard","meta":{"footnotes":""},"categories":[14],"tags":[22,23,26,27,17,21,24,25,28,29,15,16,18,34,31,33,32,30,19,20,51,52,53,54],"class_list":{"0":"post-115800","1":"post","2":"type-post","3":"status-publish","4":"format-standard","5":"has-post-thumbnail","7":"category-varlden","8":"tag-breaking-news","9":"tag-breakingnews","10":"tag-featured-news","11":"tag-featurednews","12":"tag-headlines","13":"tag-huvudnyheter","14":"tag-latest-news","15":"tag-latestnews","16":"tag-main-news","17":"tag-mainnews","18":"tag-news","19":"tag-nyheter","20":"tag-rubriker","21":"tag-se","22":"tag-svenska","23":"tag-sverige","24":"tag-sweden","25":"tag-swedish","26":"tag-top-stories","27":"tag-topstories","28":"tag-varlden","29":"tag-world","30":"tag-world-news","31":"tag-worldnews"},"share_on_mastodon":{"url":"https:\/\/pubeurope.com\/@se\/115775122081430148","error":""},"_links":{"self":[{"href":"https:\/\/www.europesays.com\/se\/wp-json\/wp\/v2\/posts\/115800","targetHints":{"allow":["GET"]}}],"collection":[{"href":"https:\/\/www.europesays.com\/se\/wp-json\/wp\/v2\/posts"}],"about":[{"href":"https:\/\/www.europesays.com\/se\/wp-json\/wp\/v2\/types\/post"}],"author":[{"embeddable":true,"href":"https:\/\/www.europesays.com\/se\/wp-json\/wp\/v2\/users\/2"}],"replies":[{"embeddable":true,"href":"https:\/\/www.europesays.com\/se\/wp-json\/wp\/v2\/comments?post=115800"}],"version-history":[{"count":0,"href":"https:\/\/www.europesays.com\/se\/wp-json\/wp\/v2\/posts\/115800\/revisions"}],"wp:featuredmedia":[{"embeddable":true,"href":"https:\/\/www.europesays.com\/se\/wp-json\/wp\/v2\/media\/115801"}],"wp:attachment":[{"href":"https:\/\/www.europesays.com\/se\/wp-json\/wp\/v2\/media?parent=115800"}],"wp:term":[{"taxonomy":"category","embeddable":true,"href":"https:\/\/www.europesays.com\/se\/wp-json\/wp\/v2\/categories?post=115800"},{"taxonomy":"post_tag","embeddable":true,"href":"https:\/\/www.europesays.com\/se\/wp-json\/wp\/v2\/tags?post=115800"}],"curies":[{"name":"wp","href":"https:\/\/api.w.org\/{rel}","templated":true}]}}